{"id":5396,"date":"2025-06-09T11:10:05","date_gmt":"2025-06-09T09:10:05","guid":{"rendered":"http:\/\/test.sport.mutuacat.org\/mutuacat-y-el-colegio-de-lleida-reafirman-su-colaboracion\/"},"modified":"2026-03-04T14:05:02","modified_gmt":"2026-03-04T13:05:02","slug":"mutuacat-colegio-lleida","status":"publish","type":"post","link":"https:\/\/sport.mutuacat.org\/es\/actualidad\/mutuacat-colegio-lleida\/","title":{"rendered":"Mutuacat y el Colegio de Lleida reafirman su colaboraci\u00f3n"},"content":{"rendered":"\t\t<div data-elementor-type=\"wp-post\" data-elementor-id=\"5396\" class=\"elementor elementor-5396 elementor-5354\" data-elementor-post-type=\"post\">\n\t\t\t\t\t\t<section class=\"elementor-section elementor-top-section elementor-element elementor-element-5b909dce elementor-section-height-min-height elementor-section-boxed elementor-section-height-default elementor-section-items-middle\" data-id=\"5b909dce\" data-element_type=\"section\" data-e-type=\"section\" data-settings=\"{&quot;background_background&quot;:&quot;classic&quot;}\">\n\t\t\t\t\t\t\t<div class=\"elementor-background-overlay\"><\/div>\n\t\t\t\t\t\t\t<div class=\"elementor-container elementor-column-gap-default\">\n\t\t\t\t\t<div class=\"elementor-column elementor-col-100 elementor-top-column elementor-element elementor-element-10812329\" data-id=\"10812329\" data-element_type=\"column\" data-e-type=\"column\">\n\t\t\t<div class=\"elementor-widget-wrap elementor-element-populated\">\n\t\t\t\t\t\t<div class=\"elementor-element elementor-element-1034167f de_scroll_animation_no elementor-invisible elementor-widget elementor-widget-heading\" data-id=\"1034167f\" data-element_type=\"widget\" data-e-type=\"widget\" data-settings=\"{&quot;_animation&quot;:&quot;fadeIn&quot;}\" data-widget_type=\"heading.default\">\n\t\t\t\t<div class=\"elementor-widget-container\">\n\t\t\t\t\t<h2 class=\"elementor-heading-title elementor-size-default\">Actualidad<\/h2>\t\t\t\t<\/div>\n\t\t\t\t<\/div>\n\t\t\t\t<div class=\"elementor-element elementor-element-4d82a8ad elementor-icon-list--layout-inline elementor-align-center elementor-list-item-link-full_width de_scroll_animation_no elementor-invisible elementor-widget elementor-widget-icon-list\" data-id=\"4d82a8ad\" data-element_type=\"widget\" data-e-type=\"widget\" data-settings=\"{&quot;_animation&quot;:&quot;fadeIn&quot;,&quot;_animation_delay&quot;:200}\" data-widget_type=\"icon-list.default\">\n\t\t\t\t<div class=\"elementor-widget-container\">\n\t\t\t\t\t\t\t<ul class=\"elementor-icon-list-items elementor-inline-items\">\n\t\t\t\t\t\t\t<li class=\"elementor-icon-list-item elementor-inline-item\">\n\t\t\t\t\t\t\t\t\t\t\t<a href=\"https:\/\/sport.mutuacat.org\/\">\n\n\t\t\t\t\t\t\t\t\t\t\t<span class=\"elementor-icon-list-text\">Inicio<\/span>\n\t\t\t\t\t\t\t\t\t\t\t<\/a>\n\t\t\t\t\t\t\t\t\t<\/li>\n\t\t\t\t\t\t\t\t<li class=\"elementor-icon-list-item elementor-inline-item\">\n\t\t\t\t\t\t\t\t\t\t\t<span class=\"elementor-icon-list-icon\">\n\t\t\t\t\t\t\t<i aria-hidden=\"true\" class=\"icon icon-right-arrow1\"><\/i>\t\t\t\t\t\t<\/span>\n\t\t\t\t\t\t\t\t\t\t<span class=\"elementor-icon-list-text\">Noticias<\/span>\n\t\t\t\t\t\t\t\t\t<\/li>\n\t\t\t\t\t\t<\/ul>\n\t\t\t\t\t\t<\/div>\n\t\t\t\t<\/div>\n\t\t\t\t\t<\/div>\n\t\t<\/div>\n\t\t\t\t\t<\/div>\n\t\t<\/section>\n\t\t\t\t<section class=\"elementor-section elementor-top-section elementor-element elementor-element-54ef081c elementor-section-boxed elementor-section-height-default elementor-section-height-default\" data-id=\"54ef081c\" data-element_type=\"section\" data-e-type=\"section\">\n\t\t\t\t\t\t<div class=\"elementor-container elementor-column-gap-default\">\n\t\t\t\t\t<div class=\"elementor-column elementor-col-50 elementor-top-column elementor-element elementor-element-4590b701 elementor-invisible\" data-id=\"4590b701\" data-element_type=\"column\" data-e-type=\"column\" data-settings=\"{&quot;animation&quot;:&quot;fadeIn&quot;,&quot;animation_delay&quot;:200}\">\n\t\t\t<div class=\"elementor-widget-wrap elementor-element-populated\">\n\t\t\t\t\t\t<div class=\"elementor-element elementor-element-2eb50c23 de_scroll_animation_no elementor-widget elementor-widget-post-featured-image\" data-id=\"2eb50c23\" data-element_type=\"widget\" data-e-type=\"widget\" data-widget_type=\"post-featured-image.default\">\n\t\t\t\t<div class=\"elementor-widget-container\">\n\t\t\t\t\t<div class=\"press-elements-featured-image \"><img fetchpriority=\"high\" decoding=\"async\" width=\"1963\" height=\"1544\" src=\"https:\/\/sport.mutuacat.org\/wp-content\/uploads\/2025\/06\/DSC_0013.jpg\" class=\"attachment-full size-full wp-post-image\" alt=\"Francesc Farr\u00e9 del Col\u00b7legi de Lleida i Leo Mart\u00ednes de Muntuacat en un moment de la signatiura de renovaci\u00f3\" srcset=\"https:\/\/sport.mutuacat.org\/wp-content\/uploads\/2025\/06\/DSC_0013.jpg 1963w, https:\/\/sport.mutuacat.org\/wp-content\/uploads\/2025\/06\/DSC_0013-300x236.jpg 300w, https:\/\/sport.mutuacat.org\/wp-content\/uploads\/2025\/06\/DSC_0013-1024x805.jpg 1024w, https:\/\/sport.mutuacat.org\/wp-content\/uploads\/2025\/06\/DSC_0013-768x604.jpg 768w, https:\/\/sport.mutuacat.org\/wp-content\/uploads\/2025\/06\/DSC_0013-1536x1208.jpg 1536w\" sizes=\"(max-width: 1963px) 100vw, 1963px\" \/><\/div>\t\t\t\t<\/div>\n\t\t\t\t<\/div>\n\t\t\t\t<div class=\"elementor-element elementor-element-56488854 elementor-widget__width-auto de_scroll_animation_no elementor-widget elementor-widget-post-date\" data-id=\"56488854\" data-element_type=\"widget\" data-e-type=\"widget\" data-widget_type=\"post-date.default\">\n\t\t\t\t<div class=\"elementor-widget-container\">\n\t\t\t\t\t<p class=\"press-elements-date \">09\/06\/2025<\/p>\t\t\t\t<\/div>\n\t\t\t\t<\/div>\n\t\t\t\t<div class=\"elementor-element elementor-element-5e3201ad elementor-widget__width-auto de_scroll_animation_no elementor-widget elementor-widget-post-terms\" data-id=\"5e3201ad\" data-element_type=\"widget\" data-e-type=\"widget\" data-widget_type=\"post-terms.default\">\n\t\t\t\t<div class=\"elementor-widget-container\">\n\t\t\t\t\t<p class=\"press-elements-terms \">Actualidad<\/p>\t\t\t\t<\/div>\n\t\t\t\t<\/div>\n\t\t\t\t<div class=\"elementor-element elementor-element-39ed3aa0 de_scroll_animation_no elementor-widget elementor-widget-dt-post-title\" data-id=\"39ed3aa0\" data-element_type=\"widget\" data-e-type=\"widget\" data-widget_type=\"dt-post-title.default\">\n\t\t\t\t<div class=\"elementor-widget-container\">\n\t\t\t\t\t<h2 class=\"dt-post-title \">Mutuacat y el Colegio de Lleida reafirman su colaboraci\u00f3n<\/h2>\t\t\t\t<\/div>\n\t\t\t\t<\/div>\n\t\t\t\t<div class=\"elementor-element elementor-element-19f6fdd9 de_scroll_animation_no elementor-widget elementor-widget-text-editor\" data-id=\"19f6fdd9\" data-element_type=\"widget\" data-e-type=\"widget\" data-widget_type=\"text-editor.default\">\n\t\t\t\t<div class=\"elementor-widget-container\">\n\t\t\t\t\t\t\t\t\t<p><strong> <\/strong><a href=\"https:\/\/www.sport.mutuacat.org\/es\/\">Mutuacat <\/a>y el <a href=\"https:\/\/www.cmalleida.com\/\">Colegio de Mediadores de Seguros de Lleida<\/a> han renovado, un a\u00f1o m\u00e1s, su acuerdo de colaboraci\u00f3n.<br> El acto de firma ha tenido lugar este viernes, en la sede del Colegio, en un ambiente cordial y de plena complicidad institucional.<\/p>\n<p>Por parte del Colegio, ha firmado el convenio el vicepresidente <strong>Francesc Farr\u00e9 Ribes<\/strong> . Por parte de Mutuacat, lo ha hecho <strong>Leo Mart\u00ednez<\/strong> , adjunto a la Direcci\u00f3n General. Ambas entidades han querido destacar la buena sinton\u00eda que mantienen desde hace a\u00f1os y que se refleja en acciones constantes y compartidas.  <\/p>\n<p>Cabe recordar que, el d\u00eda anterior, el Colegio hab\u00eda celebrado su Diada anual en el marco incomparable de la Seu Vella de Lleida. Al acto, asistieron <strong>Leo Mart\u00ednez<\/strong> y <strong>V\u00edctor Domingo<\/strong> , director de expansi\u00f3n territorial de Mutuacat, en representaci\u00f3n de la mutua. <\/p>\n<p>Gracias a este convenio, Mutuacat mantiene su apoyo activo a las actividades formativas e institucionales del Colegio. Adem\u00e1s ofrece condiciones ventajosas a los colegiados y un trato cercano, \u00e1gil y personalizado. Esta colaboraci\u00f3n, basada en la confianza, se refuerza a\u00f1o tras a\u00f1o.  <\/p>\n<h4 id=\"h-l-asseguranca-esportiva-una-oportunitat-compartida\" class=\"wp-block-heading\">El seguro deportivo una oportunidad compartida<\/h4>\n<p>Adem\u00e1s, cabe remarcar el creciente inter\u00e9s de la mediaci\u00f3n leridana por los seguros deportivos de Mutuacat. Este inter\u00e9s responde a la intensa actividad deportiva de las tierras de poniente, donde clubs, entidades y eventos tienen un peso destacado. <\/p>\n<p>En este contexto, la propuesta aseguradora de Mutuacat y la web <a href=\"https:\/\/sport.mutuacat.org\/es\/\">sport.mutuacat.org<\/a> aportan valor a\u00f1adido a la labor de los mediadores, que pueden ofrecer soluciones adaptadas y de alto inter\u00e9s para el territorio. Ello afianza el papel de la mutua como aliada estrat\u00e9gica de la mediaci\u00f3n.<\/p>\n<p>Por \u00faltimo, tanto el Colegio como Mutuacat han manifestado la voluntad de continuar trabajando juntos. El objetivo compartido es impulsar un seguro con valores, comprometido con las personas y arraigado en el territorio. <\/p>\t\t\t\t\t\t\t\t<\/div>\n\t\t\t\t<\/div>\n\t\t\t\t<section class=\"elementor-section elementor-inner-section elementor-element elementor-element-18024419 elementor-section-boxed elementor-section-height-default elementor-section-height-default\" data-id=\"18024419\" data-element_type=\"section\" data-e-type=\"section\">\n\t\t\t\t\t\t<div class=\"elementor-container elementor-column-gap-default\">\n\t\t\t\t\t<div class=\"elementor-column elementor-col-50 elementor-inner-column elementor-element elementor-element-3b224b46\" data-id=\"3b224b46\" data-element_type=\"column\" data-e-type=\"column\">\n\t\t\t<div class=\"elementor-widget-wrap elementor-element-populated\">\n\t\t\t\t\t\t<div class=\"elementor-element elementor-element-321c4e0c elementor-widget__width-auto de_scroll_animation_no elementor-widget elementor-widget-text-editor\" data-id=\"321c4e0c\" data-element_type=\"widget\" data-e-type=\"widget\" data-widget_type=\"text-editor.default\">\n\t\t\t\t<div class=\"elementor-widget-container\">\n\t\t\t\t\t\t\t\t\t<p>Etiquetas: <\/p>\t\t\t\t\t\t\t\t<\/div>\n\t\t\t\t<\/div>\n\t\t\t\t<div class=\"elementor-element elementor-element-516886e2 elementor-widget__width-auto de_scroll_animation_no elementor-widget elementor-widget-post-terms\" data-id=\"516886e2\" data-element_type=\"widget\" data-e-type=\"widget\" data-widget_type=\"post-terms.default\">\n\t\t\t\t<div class=\"elementor-widget-container\">\n\t\t\t\t\t<p class=\"press-elements-terms \">CMAL, convenio, Lleida, Seguros, Seguros deportivos<\/p>\t\t\t\t<\/div>\n\t\t\t\t<\/div>\n\t\t\t\t\t<\/div>\n\t\t<\/div>\n\t\t\t\t<div class=\"elementor-column elementor-col-50 elementor-inner-column elementor-element elementor-element-408a193e\" data-id=\"408a193e\" data-element_type=\"column\" data-e-type=\"column\">\n\t\t\t<div class=\"elementor-widget-wrap\">\n\t\t\t\t\t\t\t<\/div>\n\t\t<\/div>\n\t\t\t\t\t<\/div>\n\t\t<\/section>\n\t\t\t\t\t<\/div>\n\t\t<\/div>\n\t\t\t\t<div class=\"elementor-column elementor-col-50 elementor-top-column elementor-element elementor-element-1ed85737 elementor-invisible\" data-id=\"1ed85737\" data-element_type=\"column\" data-e-type=\"column\" data-settings=\"{&quot;animation&quot;:&quot;fadeIn&quot;,&quot;animation_delay&quot;:400}\">\n\t\t\t<div class=\"elementor-widget-wrap elementor-element-populated\">\n\t\t\t\t\t\t<section class=\"elementor-section elementor-inner-section elementor-element elementor-element-372e4996 elementor-section-boxed elementor-section-height-default elementor-section-height-default\" data-id=\"372e4996\" data-element_type=\"section\" data-e-type=\"section\">\n\t\t\t\t\t\t<div class=\"elementor-container elementor-column-gap-default\">\n\t\t\t\t\t<div class=\"elementor-column elementor-col-100 elementor-inner-column elementor-element elementor-element-64286a8a\" data-id=\"64286a8a\" data-element_type=\"column\" data-e-type=\"column\">\n\t\t\t<div class=\"elementor-widget-wrap elementor-element-populated\">\n\t\t\t\t\t\t<div class=\"elementor-element elementor-element-79ab60a9 de_scroll_animation_no elementor-widget elementor-widget-heading\" data-id=\"79ab60a9\" data-element_type=\"widget\" data-e-type=\"widget\" data-widget_type=\"heading.default\">\n\t\t\t\t<div class=\"elementor-widget-container\">\n\t\t\t\t\t<h3 class=\"elementor-heading-title elementor-size-default\">Qui\u00e9nes somos<\/h3>\t\t\t\t<\/div>\n\t\t\t\t<\/div>\n\t\t\t\t<div class=\"elementor-element elementor-element-20679756 elementor-widget-divider--view-line de_scroll_animation_no elementor-widget elementor-widget-divider\" data-id=\"20679756\" data-element_type=\"widget\" data-e-type=\"widget\" data-widget_type=\"divider.default\">\n\t\t\t\t<div class=\"elementor-widget-container\">\n\t\t\t\t\t\t\t<div class=\"elementor-divider\">\n\t\t\t<span class=\"elementor-divider-separator\">\n\t\t\t\t\t\t<\/span>\n\t\t<\/div>\n\t\t\t\t\t\t<\/div>\n\t\t\t\t<\/div>\n\t\t\t\t<div class=\"elementor-element elementor-element-964f7c5 de_scroll_animation_no elementor-widget elementor-widget-text-editor\" data-id=\"964f7c5\" data-element_type=\"widget\" data-e-type=\"widget\" data-widget_type=\"text-editor.default\">\n\t\t\t\t<div class=\"elementor-widget-container\">\n\t\t\t\t\t\t\t\t\t<p>\u00a1Somos la aseguradora del deporte!<\/p><p><span style=\"color: var( --e-global-color-text ); font-family: var( --e-global-typography-text-font-family ), Sans-serif; font-size: var( --e-global-typography-text-font-size ); font-weight: var( --e-global-typography-text-font-weight ); text-transform: var( --e-global-typography-text-text-transform );\">Cubrimos los accidentes deportivos de federaciones de todo el Estado, consejos deportivos, ligas de f\u00fatbol y baloncesto (no federado), gimnasios, piscinas, grupos deportivos, carreras populares.<\/span><\/p>\n<p>\u00a1Disfruta de la tranquilidad de confiar en una mutualidad \u00e9tica y cercana, que siempre estar\u00e1 a tu lado!<\/p>\t\t\t\t\t\t\t\t<\/div>\n\t\t\t\t<\/div>\n\t\t\t\t<div class=\"elementor-element elementor-element-7f46ab98 de_scroll_animation_no elementor-widget elementor-widget-elementskit-header-info\" data-id=\"7f46ab98\" data-element_type=\"widget\" data-e-type=\"widget\" data-widget_type=\"elementskit-header-info.default\">\n\t\t\t\t<div class=\"elementor-widget-container\">\n\t\t\t\t\t<div class=\"ekit-wid-con\" >        <ul class=\"ekit-header-info\">\n                                    <li>\n                            <a href=\"mailto:sport@mutuacat.org\" target=\"_blank\" rel=\"nofollow\"> \n                                                                https:\/\/sport.mutuacat.org\/es\/                            <\/a>\n                        <\/li>\n\n                            <\/ul>\n        <\/div>\t\t\t\t<\/div>\n\t\t\t\t<\/div>\n\t\t\t\t<div class=\"elementor-element elementor-element-64c9fa3f de_scroll_animation_no elementor-widget elementor-widget-elementskit-header-info\" data-id=\"64c9fa3f\" data-element_type=\"widget\" data-e-type=\"widget\" data-widget_type=\"elementskit-header-info.default\">\n\t\t\t\t<div class=\"elementor-widget-container\">\n\t\t\t\t\t<div class=\"ekit-wid-con\" >        <ul class=\"ekit-header-info\">\n                                    <li>\n                            <a href=\"tel:902490480\" target=\"_blank\" rel=\"nofollow\"> \n                                                                902 490 480                            <\/a>\n                        <\/li>\n\n                            <\/ul>\n        <\/div>\t\t\t\t<\/div>\n\t\t\t\t<\/div>\n\t\t\t\t\t<\/div>\n\t\t<\/div>\n\t\t\t\t\t<\/div>\n\t\t<\/section>\n\t\t\t\t<section class=\"elementor-section elementor-inner-section elementor-element elementor-element-786f87f9 elementor-section-boxed elementor-section-height-default elementor-section-height-default\" data-id=\"786f87f9\" data-element_type=\"section\" data-e-type=\"section\">\n\t\t\t\t\t\t<div class=\"elementor-container elementor-column-gap-default\">\n\t\t\t\t\t<div class=\"elementor-column elementor-col-100 elementor-inner-column elementor-element elementor-element-1e893752\" data-id=\"1e893752\" data-element_type=\"column\" data-e-type=\"column\">\n\t\t\t<div class=\"elementor-widget-wrap elementor-element-populated\">\n\t\t\t\t\t\t<div class=\"elementor-element elementor-element-42c7296f de_scroll_animation_no elementor-widget elementor-widget-heading\" data-id=\"42c7296f\" data-element_type=\"widget\" data-e-type=\"widget\" data-widget_type=\"heading.default\">\n\t\t\t\t<div class=\"elementor-widget-container\">\n\t\t\t\t\t<h3 class=\"elementor-heading-title elementor-size-default\">\u00daltimos art\u00edculos<\/h3>\t\t\t\t<\/div>\n\t\t\t\t<\/div>\n\t\t\t\t<div class=\"elementor-element elementor-element-55ac9f4c elementor-widget-divider--view-line de_scroll_animation_no elementor-widget elementor-widget-divider\" data-id=\"55ac9f4c\" data-element_type=\"widget\" data-e-type=\"widget\" data-widget_type=\"divider.default\">\n\t\t\t\t<div class=\"elementor-widget-container\">\n\t\t\t\t\t\t\t<div class=\"elementor-divider\">\n\t\t\t<span class=\"elementor-divider-separator\">\n\t\t\t\t\t\t<\/span>\n\t\t<\/div>\n\t\t\t\t\t\t<\/div>\n\t\t\t\t<\/div>\n\t\t\t\t<div class=\"elementor-element elementor-element-5c8806c de_scroll_animation_no elementor-widget elementor-widget-elementskit-post-list\" data-id=\"5c8806c\" data-element_type=\"widget\" data-e-type=\"widget\" data-widget_type=\"elementskit-post-list.default\">\n\t\t\t\t<div class=\"elementor-widget-container\">\n\t\t\t\t\t<div class=\"ekit-wid-con\" >\t\t<ul class=\"elementor-icon-list-items ekit-post-list-wrapper \">\n\t\t\t\t\t\t<li class=\"elementor-icon-list-item   \">\n\t\t\t\t<a href=\"https:\/\/sport.mutuacat.org\/es\/actualidad\/mutuacat-en-la-presentacion-de-esport-k\/\" >\n\t\t\t\t\t<img decoding=\"async\" width=\"300\" height=\"300\" src=\"https:\/\/sport.mutuacat.org\/wp-content\/uploads\/2026\/03\/Presentacio-Esport-K-300x300.jpeg\" class=\"attachment-medium size-medium wp-post-image\" alt=\"Leo Mart\u00ednes, de mutuacat entre Pitu Gonzalez i S\u00edlvia P\u00e9rez de l CEEB\" srcset=\"https:\/\/sport.mutuacat.org\/wp-content\/uploads\/2026\/03\/Presentacio-Esport-K-300x300.jpeg 300w, https:\/\/sport.mutuacat.org\/wp-content\/uploads\/2026\/03\/Presentacio-Esport-K-1024x1024.jpeg 1024w, https:\/\/sport.mutuacat.org\/wp-content\/uploads\/2026\/03\/Presentacio-Esport-K-150x150.jpeg 150w, https:\/\/sport.mutuacat.org\/wp-content\/uploads\/2026\/03\/Presentacio-Esport-K-768x768.jpeg 768w, https:\/\/sport.mutuacat.org\/wp-content\/uploads\/2026\/03\/Presentacio-Esport-K-1536x1536.jpeg 1536w, https:\/\/sport.mutuacat.org\/wp-content\/uploads\/2026\/03\/Presentacio-Esport-K.jpeg 2047w\" sizes=\"(max-width: 300px) 100vw, 300px\" \/>\t\t\t\t\t<div class=\"ekit_post_list_content_wraper\">\n\t\t\t\t\t\t\t\t\t\t\t\t\t\t\t\t\t\t<div class=\"meta-lists\">\n\t\t\t\t\t\t\t\t\t\t\t\t\t\t<span class=\"meta-date\">\n\n\t\t\t\t\t\t\t\t\n\t\t\t\t\t\t\t\t19 Feb 2026\t\t\t\t\t\t\t<\/span>\n\t\t\t\t\t\t\t\n\t\t\t\t\t\t\t\t\t\t\t\t\t<\/div>\n\t\t\t\t\t\t\n\t\t\t\t\t\t<span class=\"elementor-icon-list-text\">Mutuacat, en la presentaci\u00f3n de Esport K<\/span>\n\n\t\t\t\t\t\t\t\t\t\t\t<\/div>\n\t\t\t\t<\/a>\n\t\t\t<\/li>\n\t\t\t\t\t<li class=\"elementor-icon-list-item   \">\n\t\t\t\t<a href=\"https:\/\/sport.mutuacat.org\/es\/actualidad\/mutuacat-en-la-fiesta-del-deporte-catalan\/\" >\n\t\t\t\t\t<img decoding=\"async\" width=\"300\" height=\"251\" src=\"https:\/\/sport.mutuacat.org\/wp-content\/uploads\/2026\/01\/Festa-de-lEsport-Catala-Premi-millor-gestio-federativa-300x251.png\" class=\"attachment-medium size-medium wp-post-image\" alt=\"Festa de l&#039;Esport Catal\u00e0 -\" srcset=\"https:\/\/sport.mutuacat.org\/wp-content\/uploads\/2026\/01\/Festa-de-lEsport-Catala-Premi-millor-gestio-federativa-300x251.png 300w, https:\/\/sport.mutuacat.org\/wp-content\/uploads\/2026\/01\/Festa-de-lEsport-Catala-Premi-millor-gestio-federativa-768x644.png 768w, https:\/\/sport.mutuacat.org\/wp-content\/uploads\/2026\/01\/Festa-de-lEsport-Catala-Premi-millor-gestio-federativa.png 940w\" sizes=\"(max-width: 300px) 100vw, 300px\" \/>\t\t\t\t\t<div class=\"ekit_post_list_content_wraper\">\n\t\t\t\t\t\t\t\t\t\t\t\t\t\t\t\t\t\t<div class=\"meta-lists\">\n\t\t\t\t\t\t\t\t\t\t\t\t\t\t<span class=\"meta-date\">\n\n\t\t\t\t\t\t\t\t\n\t\t\t\t\t\t\t\t27 Ene 2026\t\t\t\t\t\t\t<\/span>\n\t\t\t\t\t\t\t\n\t\t\t\t\t\t\t\t\t\t\t\t\t<\/div>\n\t\t\t\t\t\t\n\t\t\t\t\t\t<span class=\"elementor-icon-list-text\">Mutuacat en la Fiesta del Deporte Catal\u00e1n<\/span>\n\n\t\t\t\t\t\t\t\t\t\t\t<\/div>\n\t\t\t\t<\/a>\n\t\t\t<\/li>\n\t\t\t\t\t<li class=\"elementor-icon-list-item   \">\n\t\t\t\t<a href=\"https:\/\/sport.mutuacat.org\/es\/actualidad\/miting-internacional-cataluna-atletismo\/\" >\n\t\t\t\t\t<img loading=\"lazy\" decoding=\"async\" width=\"300\" height=\"251\" src=\"https:\/\/sport.mutuacat.org\/wp-content\/uploads\/2026\/01\/Miting-Internacional-Catalunya-dAtletisme-300x251.png\" class=\"attachment-medium size-medium wp-post-image\" alt=\"M\u00edting Internacional Catalunya d&#039;atletisme- Un atleta mostra el trofeu que i ha lliurat Sergi Maci\u00e0, directorgeneral de Mutuacat\" srcset=\"https:\/\/sport.mutuacat.org\/wp-content\/uploads\/2026\/01\/Miting-Internacional-Catalunya-dAtletisme-300x251.png 300w, https:\/\/sport.mutuacat.org\/wp-content\/uploads\/2026\/01\/Miting-Internacional-Catalunya-dAtletisme-768x644.png 768w, https:\/\/sport.mutuacat.org\/wp-content\/uploads\/2026\/01\/Miting-Internacional-Catalunya-dAtletisme.png 940w\" sizes=\"(max-width: 300px) 100vw, 300px\" \/>\t\t\t\t\t<div class=\"ekit_post_list_content_wraper\">\n\t\t\t\t\t\t\t\t\t\t\t\t\t\t\t\t\t\t<div class=\"meta-lists\">\n\t\t\t\t\t\t\t\t\t\t\t\t\t\t<span class=\"meta-date\">\n\n\t\t\t\t\t\t\t\t\n\t\t\t\t\t\t\t\t26 Ene 2026\t\t\t\t\t\t\t<\/span>\n\t\t\t\t\t\t\t\n\t\t\t\t\t\t\t\t\t\t\t\t\t<\/div>\n\t\t\t\t\t\t\n\t\t\t\t\t\t<span class=\"elementor-icon-list-text\">Mutuacat reafirma su compromiso con el atletismo en la 11\u00aa edici\u00f3n del M\u00edting Internacional Catalu\u00f1a<\/span>\n\n\t\t\t\t\t\t\t\t\t\t\t<\/div>\n\t\t\t\t<\/a>\n\t\t\t<\/li>\n\t\t\t\t<\/ul>\n\t\t<\/div>\t\t\t\t<\/div>\n\t\t\t\t<\/div>\n\t\t\t\t\t<\/div>\n\t\t<\/div>\n\t\t\t\t\t<\/div>\n\t\t<\/section>\n\t\t\t\t<section class=\"elementor-section elementor-inner-section elementor-element elementor-element-25675058 elementor-section-boxed elementor-section-height-default elementor-section-height-default\" data-id=\"25675058\" data-element_type=\"section\" data-e-type=\"section\" data-settings=\"{&quot;background_background&quot;:&quot;classic&quot;}\">\n\t\t\t\t\t\t\t<div class=\"elementor-background-overlay\"><\/div>\n\t\t\t\t\t\t\t<div class=\"elementor-container elementor-column-gap-default\">\n\t\t\t\t\t<div class=\"elementor-column elementor-col-100 elementor-inner-column elementor-element elementor-element-466c179f\" data-id=\"466c179f\" data-element_type=\"column\" data-e-type=\"column\">\n\t\t\t<div class=\"elementor-widget-wrap elementor-element-populated\">\n\t\t\t\t\t\t<div class=\"elementor-element elementor-element-59475977 de_scroll_animation_no elementor-widget elementor-widget-heading\" data-id=\"59475977\" data-element_type=\"widget\" data-e-type=\"widget\" data-widget_type=\"heading.default\">\n\t\t\t\t<div class=\"elementor-widget-container\">\n\t\t\t\t\t<h3 class=\"elementor-heading-title elementor-size-default\">Contacto<\/h3>\t\t\t\t<\/div>\n\t\t\t\t<\/div>\n\t\t\t\t<div class=\"elementor-element elementor-element-d85c53e elementor-widget-divider--view-line de_scroll_animation_no elementor-widget elementor-widget-divider\" data-id=\"d85c53e\" data-element_type=\"widget\" data-e-type=\"widget\" data-widget_type=\"divider.default\">\n\t\t\t\t<div class=\"elementor-widget-container\">\n\t\t\t\t\t\t\t<div class=\"elementor-divider\">\n\t\t\t<span class=\"elementor-divider-separator\">\n\t\t\t\t\t\t<\/span>\n\t\t<\/div>\n\t\t\t\t\t\t<\/div>\n\t\t\t\t<\/div>\n\t\t\t\t<div class=\"elementor-element elementor-element-3db56472 de_scroll_animation_no elementor-widget elementor-widget-text-editor\" data-id=\"3db56472\" data-element_type=\"widget\" data-e-type=\"widget\" data-widget_type=\"text-editor.default\">\n\t\t\t\t<div class=\"elementor-widget-container\">\n\t\t\t\t\t\t\t\t\t<p>\u00bfQuieres informaci\u00f3n sobre nuestros seguros deportivos y de ocio y tiempo libre?<\/p>\t\t\t\t\t\t\t\t<\/div>\n\t\t\t\t<\/div>\n\t\t\t\t<div class=\"elementor-element elementor-element-65460cab elementor-align-left de_scroll_animation_no elementor-widget elementor-widget-button\" data-id=\"65460cab\" data-element_type=\"widget\" data-e-type=\"widget\" data-widget_type=\"button.default\">\n\t\t\t\t<div class=\"elementor-widget-container\">\n\t\t\t\t\t\t\t\t\t<div class=\"elementor-button-wrapper\">\n\t\t\t\t\t<a class=\"elementor-button elementor-button-link elementor-size-sm\" href=\"http:\/\/sport.mutuacat.org\/es\/contacto\/\">\n\t\t\t\t\t\t<span class=\"elementor-button-content-wrapper\">\n\t\t\t\t\t\t<span class=\"elementor-button-icon\">\n\t\t\t\t<i aria-hidden=\"true\" class=\"icon icon-comment1\"><\/i>\t\t\t<\/span>\n\t\t\t\t\t\t\t\t\t<span class=\"elementor-button-text\">M\u00e1ndanos un mensaje<\/span>\n\t\t\t\t\t<\/span>\n\t\t\t\t\t<\/a>\n\t\t\t\t<\/div>\n\t\t\t\t\t\t\t\t<\/div>\n\t\t\t\t<\/div>\n\t\t\t\t\t<\/div>\n\t\t<\/div>\n\t\t\t\t\t<\/div>\n\t\t<\/section>\n\t\t\t\t\t<\/div>\n\t\t<\/div>\n\t\t\t\t\t<\/div>\n\t\t<\/section>\n\t\t\t\t<section class=\"elementor-section elementor-top-section elementor-element elementor-element-4846efc elementor-hidden-desktop elementor-hidden-tablet elementor-hidden-mobile elementor-section-boxed elementor-section-height-default elementor-section-height-default\" data-id=\"4846efc\" data-element_type=\"section\" data-e-type=\"section\" data-settings=\"{&quot;background_background&quot;:&quot;classic&quot;}\">\n\t\t\t\t\t\t<div class=\"elementor-container elementor-column-gap-default\">\n\t\t\t\t\t<div class=\"elementor-column elementor-col-100 elementor-top-column elementor-element elementor-element-6dc2fd8d\" data-id=\"6dc2fd8d\" data-element_type=\"column\" data-e-type=\"column\">\n\t\t\t<div class=\"elementor-widget-wrap elementor-element-populated\">\n\t\t\t\t\t\t<div class=\"elementor-element elementor-element-21661f25 de_scroll_animation_no elementor-invisible elementor-widget elementor-widget-text-editor\" data-id=\"21661f25\" data-element_type=\"widget\" data-e-type=\"widget\" data-settings=\"{&quot;_animation&quot;:&quot;fadeIn&quot;}\" data-widget_type=\"text-editor.default\">\n\t\t\t\t<div class=\"elementor-widget-container\">\n\t\t\t\t\t\t\t\t\t<p>Noticias<\/p>\t\t\t\t\t\t\t\t<\/div>\n\t\t\t\t<\/div>\n\t\t\t\t<div class=\"elementor-element elementor-element-7874e347 de_scroll_animation_no elementor-invisible elementor-widget elementor-widget-heading\" data-id=\"7874e347\" data-element_type=\"widget\" data-e-type=\"widget\" data-settings=\"{&quot;_animation&quot;:&quot;fadeIn&quot;,&quot;_animation_delay&quot;:200}\" data-widget_type=\"heading.default\">\n\t\t\t\t<div class=\"elementor-widget-container\">\n\t\t\t\t\t<h2 class=\"elementor-heading-title elementor-size-default\">Subscribe to our newsletter<\/h2>\t\t\t\t<\/div>\n\t\t\t\t<\/div>\n\t\t\t\t<div class=\"elementor-element elementor-element-6012154a ekit_wpForms_container-form-button-custom de_scroll_animation_no elementor-invisible elementor-widget elementor-widget-elementskit-wp-forms\" data-id=\"6012154a\" data-element_type=\"widget\" data-e-type=\"widget\" data-settings=\"{&quot;_animation&quot;:&quot;fadeIn&quot;,&quot;_animation_delay&quot;:400}\" data-widget_type=\"elementskit-wp-forms.default\">\n\t\t\t\t<div class=\"elementor-widget-container\">\n\t\t\t\t\t<div class=\"ekit-wid-con ekit_wpForms_container\">[wpforms id=\"468\"]<\/div>\t\t\t\t<\/div>\n\t\t\t\t<\/div>\n\t\t\t\t\t<\/div>\n\t\t<\/div>\n\t\t\t\t\t<\/div>\n\t\t<\/section>\n\t\t\t\t<\/div>\n\t\t","protected":false},"excerpt":{"rendered":"<p>Mutuacat y el Colegio de Lleida reafirman su colaboraci\u00f3n<\/p>\n","protected":false},"author":4,"featured_media":5360,"comment_status":"closed","ping_status":"closed","sticky":false,"template":"","format":"standard","meta":{"footnotes":""},"categories":[44],"tags":[183,142,184,149,180],"class_list":["post-5396","post","type-post","status-publish","format-standard","has-post-thumbnail","hentry","category-actualidad","tag-cmal-es","tag-convenio","tag-lleida-es","tag-seguros","tag-seguros-deportivos"],"yoast_head":"<!-- This site is optimized with the Yoast SEO Premium plugin v23.6 (Yoast SEO v26.9) - https:\/\/yoast.com\/product\/yoast-seo-premium-wordpress\/ -->\n<title>Mutuacat y el Colegio de Lleida reafirman su colaboraci\u00f3n - Sport Mutuacat<\/title>\n<meta name=\"description\" content=\"Mutuacat i el Col\u00b7legi de Mediadors d\u2019Assegurances de Lleida han renovat, un any m\u00e9s, el seu acord de col\u00b7laboraci\u00f3.\" \/>\n<meta name=\"robots\" content=\"index, follow, max-snippet:-1, max-image-preview:large, max-video-preview:-1\" \/>\n<link rel=\"canonical\" href=\"https:\/\/sport.mutuacat.org\/es\/actualidad\/mutuacat-colegio-lleida\/\" \/>\n<meta property=\"og:locale\" content=\"es_ES\" \/>\n<meta property=\"og:type\" content=\"article\" \/>\n<meta property=\"og:title\" content=\"Mutuacat y el Colegio de Lleida reafirman su colaboraci\u00f3n\" \/>\n<meta property=\"og:description\" content=\"Mutuacat i el Col\u00b7legi de Mediadors d\u2019Assegurances de Lleida han renovat, un any m\u00e9s, el seu acord de col\u00b7laboraci\u00f3.\" \/>\n<meta property=\"og:url\" content=\"https:\/\/sport.mutuacat.org\/es\/actualidad\/mutuacat-colegio-lleida\/\" \/>\n<meta property=\"og:site_name\" content=\"Sport Mutuacat\" \/>\n<meta property=\"article:publisher\" content=\"https:\/\/www.facebook.com\/mutuacat\" \/>\n<meta property=\"article:published_time\" content=\"2025-06-09T09:10:05+00:00\" \/>\n<meta property=\"article:modified_time\" content=\"2026-03-04T13:05:02+00:00\" \/>\n<meta property=\"og:image\" content=\"https:\/\/sport.mutuacat.org\/wp-content\/uploads\/2025\/06\/DSC_0013.jpg\" \/>\n\t<meta property=\"og:image:width\" content=\"1963\" \/>\n\t<meta property=\"og:image:height\" content=\"1544\" \/>\n\t<meta property=\"og:image:type\" content=\"image\/jpeg\" \/>\n<meta name=\"author\" content=\"Elena\" \/>\n<meta name=\"twitter:card\" content=\"summary_large_image\" \/>\n<meta name=\"twitter:label1\" content=\"Escrito por\" \/>\n\t<meta name=\"twitter:data1\" content=\"Elena\" \/>\n\t<meta name=\"twitter:label2\" content=\"Tiempo de lectura\" \/>\n\t<meta name=\"twitter:data2\" content=\"4 minutos\" \/>\n<script type=\"application\/ld+json\" class=\"yoast-schema-graph\">{\"@context\":\"https:\/\/schema.org\",\"@graph\":[{\"@type\":\"Article\",\"@id\":\"https:\/\/sport.mutuacat.org\/es\/actualidad\/mutuacat-colegio-lleida\/#article\",\"isPartOf\":{\"@id\":\"https:\/\/sport.mutuacat.org\/es\/actualidad\/mutuacat-colegio-lleida\/\"},\"author\":{\"name\":\"Elena\",\"@id\":\"https:\/\/sport.mutuacat.org\/es\/#\/schema\/person\/2c97f69b13a8f9223fe94ede54339ee7\"},\"headline\":\"Mutuacat y el Colegio de Lleida reafirman su colaboraci\u00f3n\",\"datePublished\":\"2025-06-09T09:10:05+00:00\",\"dateModified\":\"2026-03-04T13:05:02+00:00\",\"mainEntityOfPage\":{\"@id\":\"https:\/\/sport.mutuacat.org\/es\/actualidad\/mutuacat-colegio-lleida\/\"},\"wordCount\":460,\"publisher\":{\"@id\":\"https:\/\/sport.mutuacat.org\/es\/#organization\"},\"image\":{\"@id\":\"https:\/\/sport.mutuacat.org\/es\/actualidad\/mutuacat-colegio-lleida\/#primaryimage\"},\"thumbnailUrl\":\"https:\/\/sport.mutuacat.org\/wp-content\/uploads\/2025\/06\/DSC_0013.jpg\",\"keywords\":[\"CMAL\",\"convenio\",\"Lleida\",\"Seguros\",\"Seguros deportivos\"],\"articleSection\":[\"Actualidad\"],\"inLanguage\":\"es\"},{\"@type\":\"WebPage\",\"@id\":\"https:\/\/sport.mutuacat.org\/es\/actualidad\/mutuacat-colegio-lleida\/\",\"url\":\"https:\/\/sport.mutuacat.org\/es\/actualidad\/mutuacat-colegio-lleida\/\",\"name\":\"Mutuacat y el Colegio de Lleida reafirman su colaboraci\u00f3n - Sport Mutuacat\",\"isPartOf\":{\"@id\":\"https:\/\/sport.mutuacat.org\/es\/#website\"},\"primaryImageOfPage\":{\"@id\":\"https:\/\/sport.mutuacat.org\/es\/actualidad\/mutuacat-colegio-lleida\/#primaryimage\"},\"image\":{\"@id\":\"https:\/\/sport.mutuacat.org\/es\/actualidad\/mutuacat-colegio-lleida\/#primaryimage\"},\"thumbnailUrl\":\"https:\/\/sport.mutuacat.org\/wp-content\/uploads\/2025\/06\/DSC_0013.jpg\",\"datePublished\":\"2025-06-09T09:10:05+00:00\",\"dateModified\":\"2026-03-04T13:05:02+00:00\",\"description\":\"Mutuacat i el Col\u00b7legi de Mediadors d\u2019Assegurances de Lleida han renovat, un any m\u00e9s, el seu acord de col\u00b7laboraci\u00f3.\",\"breadcrumb\":{\"@id\":\"https:\/\/sport.mutuacat.org\/es\/actualidad\/mutuacat-colegio-lleida\/#breadcrumb\"},\"inLanguage\":\"es\",\"potentialAction\":[{\"@type\":\"ReadAction\",\"target\":[\"https:\/\/sport.mutuacat.org\/es\/actualidad\/mutuacat-colegio-lleida\/\"]}]},{\"@type\":\"ImageObject\",\"inLanguage\":\"es\",\"@id\":\"https:\/\/sport.mutuacat.org\/es\/actualidad\/mutuacat-colegio-lleida\/#primaryimage\",\"url\":\"https:\/\/sport.mutuacat.org\/wp-content\/uploads\/2025\/06\/DSC_0013.jpg\",\"contentUrl\":\"https:\/\/sport.mutuacat.org\/wp-content\/uploads\/2025\/06\/DSC_0013.jpg\",\"width\":1963,\"height\":1544,\"caption\":\"Francesc Farr\u00e9 del Col\u00b7legi de Lleida i Leo Mart\u00ednes de Muntuacat en un moment de la signatiura de renovaci\u00f3\"},{\"@type\":\"BreadcrumbList\",\"@id\":\"https:\/\/sport.mutuacat.org\/es\/actualidad\/mutuacat-colegio-lleida\/#breadcrumb\",\"itemListElement\":[{\"@type\":\"ListItem\",\"position\":1,\"name\":\"Inici\",\"item\":\"https:\/\/sport.mutuacat.org\/es\/\"},{\"@type\":\"ListItem\",\"position\":2,\"name\":\"Mutuacat y el Colegio de Lleida reafirman su colaboraci\u00f3n\"}]},{\"@type\":\"WebSite\",\"@id\":\"https:\/\/sport.mutuacat.org\/es\/#website\",\"url\":\"https:\/\/sport.mutuacat.org\/es\/\",\"name\":\"Sport Mutuacat\",\"description\":\"Sport Mutuacat\",\"publisher\":{\"@id\":\"https:\/\/sport.mutuacat.org\/es\/#organization\"},\"potentialAction\":[{\"@type\":\"SearchAction\",\"target\":{\"@type\":\"EntryPoint\",\"urlTemplate\":\"https:\/\/sport.mutuacat.org\/es\/?s={search_term_string}\"},\"query-input\":{\"@type\":\"PropertyValueSpecification\",\"valueRequired\":true,\"valueName\":\"search_term_string\"}}],\"inLanguage\":\"es\"},{\"@type\":\"Organization\",\"@id\":\"https:\/\/sport.mutuacat.org\/es\/#organization\",\"name\":\"Sport Mutuacat\",\"url\":\"https:\/\/sport.mutuacat.org\/es\/\",\"logo\":{\"@type\":\"ImageObject\",\"inLanguage\":\"es\",\"@id\":\"https:\/\/sport.mutuacat.org\/es\/#\/schema\/logo\/image\/\",\"url\":\"https:\/\/sport.mutuacat.org\/wp-content\/uploads\/2023\/12\/LogotipMutuacat-06-.png\",\"contentUrl\":\"https:\/\/sport.mutuacat.org\/wp-content\/uploads\/2023\/12\/LogotipMutuacat-06-.png\",\"width\":4697,\"height\":4028,\"caption\":\"Sport Mutuacat\"},\"image\":{\"@id\":\"https:\/\/sport.mutuacat.org\/es\/#\/schema\/logo\/image\/\"},\"sameAs\":[\"https:\/\/www.facebook.com\/mutuacat\",\"https:\/\/es.linkedin.com\/company\/mutuacat\",\"https:\/\/www.instagram.com\/mutuacat\/\"],\"publishingPrinciples\":\"https:\/\/sport.mutuacat.org\/\"},{\"@type\":\"Person\",\"@id\":\"https:\/\/sport.mutuacat.org\/es\/#\/schema\/person\/2c97f69b13a8f9223fe94ede54339ee7\",\"name\":\"Elena\",\"image\":{\"@type\":\"ImageObject\",\"inLanguage\":\"es\",\"@id\":\"https:\/\/sport.mutuacat.org\/es\/#\/schema\/person\/image\/\",\"url\":\"https:\/\/secure.gravatar.com\/avatar\/f67efd2fecacf28188ce252664f32f593c31836eb02de4724743c99ca5e52dda?s=96&d=mm&r=g\",\"contentUrl\":\"https:\/\/secure.gravatar.com\/avatar\/f67efd2fecacf28188ce252664f32f593c31836eb02de4724743c99ca5e52dda?s=96&d=mm&r=g\",\"caption\":\"Elena\"}}]}<\/script>\n<!-- \/ Yoast SEO Premium plugin. -->","yoast_head_json":{"title":"Mutuacat y el Colegio de Lleida reafirman su colaboraci\u00f3n - Sport Mutuacat","description":"Mutuacat i el Col\u00b7legi de Mediadors d\u2019Assegurances de Lleida han renovat, un any m\u00e9s, el seu acord de col\u00b7laboraci\u00f3.","robots":{"index":"index","follow":"follow","max-snippet":"max-snippet:-1","max-image-preview":"max-image-preview:large","max-video-preview":"max-video-preview:-1"},"canonical":"https:\/\/sport.mutuacat.org\/es\/actualidad\/mutuacat-colegio-lleida\/","og_locale":"es_ES","og_type":"article","og_title":"Mutuacat y el Colegio de Lleida reafirman su colaboraci\u00f3n","og_description":"Mutuacat i el Col\u00b7legi de Mediadors d\u2019Assegurances de Lleida han renovat, un any m\u00e9s, el seu acord de col\u00b7laboraci\u00f3.","og_url":"https:\/\/sport.mutuacat.org\/es\/actualidad\/mutuacat-colegio-lleida\/","og_site_name":"Sport Mutuacat","article_publisher":"https:\/\/www.facebook.com\/mutuacat","article_published_time":"2025-06-09T09:10:05+00:00","article_modified_time":"2026-03-04T13:05:02+00:00","og_image":[{"width":1963,"height":1544,"url":"https:\/\/sport.mutuacat.org\/wp-content\/uploads\/2025\/06\/DSC_0013.jpg","type":"image\/jpeg"}],"author":"Elena","twitter_card":"summary_large_image","twitter_misc":{"Escrito por":"Elena","Tiempo de lectura":"4 minutos"},"schema":{"@context":"https:\/\/schema.org","@graph":[{"@type":"Article","@id":"https:\/\/sport.mutuacat.org\/es\/actualidad\/mutuacat-colegio-lleida\/#article","isPartOf":{"@id":"https:\/\/sport.mutuacat.org\/es\/actualidad\/mutuacat-colegio-lleida\/"},"author":{"name":"Elena","@id":"https:\/\/sport.mutuacat.org\/es\/#\/schema\/person\/2c97f69b13a8f9223fe94ede54339ee7"},"headline":"Mutuacat y el Colegio de Lleida reafirman su colaboraci\u00f3n","datePublished":"2025-06-09T09:10:05+00:00","dateModified":"2026-03-04T13:05:02+00:00","mainEntityOfPage":{"@id":"https:\/\/sport.mutuacat.org\/es\/actualidad\/mutuacat-colegio-lleida\/"},"wordCount":460,"publisher":{"@id":"https:\/\/sport.mutuacat.org\/es\/#organization"},"image":{"@id":"https:\/\/sport.mutuacat.org\/es\/actualidad\/mutuacat-colegio-lleida\/#primaryimage"},"thumbnailUrl":"https:\/\/sport.mutuacat.org\/wp-content\/uploads\/2025\/06\/DSC_0013.jpg","keywords":["CMAL","convenio","Lleida","Seguros","Seguros deportivos"],"articleSection":["Actualidad"],"inLanguage":"es"},{"@type":"WebPage","@id":"https:\/\/sport.mutuacat.org\/es\/actualidad\/mutuacat-colegio-lleida\/","url":"https:\/\/sport.mutuacat.org\/es\/actualidad\/mutuacat-colegio-lleida\/","name":"Mutuacat y el Colegio de Lleida reafirman su colaboraci\u00f3n - Sport Mutuacat","isPartOf":{"@id":"https:\/\/sport.mutuacat.org\/es\/#website"},"primaryImageOfPage":{"@id":"https:\/\/sport.mutuacat.org\/es\/actualidad\/mutuacat-colegio-lleida\/#primaryimage"},"image":{"@id":"https:\/\/sport.mutuacat.org\/es\/actualidad\/mutuacat-colegio-lleida\/#primaryimage"},"thumbnailUrl":"https:\/\/sport.mutuacat.org\/wp-content\/uploads\/2025\/06\/DSC_0013.jpg","datePublished":"2025-06-09T09:10:05+00:00","dateModified":"2026-03-04T13:05:02+00:00","description":"Mutuacat i el Col\u00b7legi de Mediadors d\u2019Assegurances de Lleida han renovat, un any m\u00e9s, el seu acord de col\u00b7laboraci\u00f3.","breadcrumb":{"@id":"https:\/\/sport.mutuacat.org\/es\/actualidad\/mutuacat-colegio-lleida\/#breadcrumb"},"inLanguage":"es","potentialAction":[{"@type":"ReadAction","target":["https:\/\/sport.mutuacat.org\/es\/actualidad\/mutuacat-colegio-lleida\/"]}]},{"@type":"ImageObject","inLanguage":"es","@id":"https:\/\/sport.mutuacat.org\/es\/actualidad\/mutuacat-colegio-lleida\/#primaryimage","url":"https:\/\/sport.mutuacat.org\/wp-content\/uploads\/2025\/06\/DSC_0013.jpg","contentUrl":"https:\/\/sport.mutuacat.org\/wp-content\/uploads\/2025\/06\/DSC_0013.jpg","width":1963,"height":1544,"caption":"Francesc Farr\u00e9 del Col\u00b7legi de Lleida i Leo Mart\u00ednes de Muntuacat en un moment de la signatiura de renovaci\u00f3"},{"@type":"BreadcrumbList","@id":"https:\/\/sport.mutuacat.org\/es\/actualidad\/mutuacat-colegio-lleida\/#breadcrumb","itemListElement":[{"@type":"ListItem","position":1,"name":"Inici","item":"https:\/\/sport.mutuacat.org\/es\/"},{"@type":"ListItem","position":2,"name":"Mutuacat y el Colegio de Lleida reafirman su colaboraci\u00f3n"}]},{"@type":"WebSite","@id":"https:\/\/sport.mutuacat.org\/es\/#website","url":"https:\/\/sport.mutuacat.org\/es\/","name":"Sport Mutuacat","description":"Sport Mutuacat","publisher":{"@id":"https:\/\/sport.mutuacat.org\/es\/#organization"},"potentialAction":[{"@type":"SearchAction","target":{"@type":"EntryPoint","urlTemplate":"https:\/\/sport.mutuacat.org\/es\/?s={search_term_string}"},"query-input":{"@type":"PropertyValueSpecification","valueRequired":true,"valueName":"search_term_string"}}],"inLanguage":"es"},{"@type":"Organization","@id":"https:\/\/sport.mutuacat.org\/es\/#organization","name":"Sport Mutuacat","url":"https:\/\/sport.mutuacat.org\/es\/","logo":{"@type":"ImageObject","inLanguage":"es","@id":"https:\/\/sport.mutuacat.org\/es\/#\/schema\/logo\/image\/","url":"https:\/\/sport.mutuacat.org\/wp-content\/uploads\/2023\/12\/LogotipMutuacat-06-.png","contentUrl":"https:\/\/sport.mutuacat.org\/wp-content\/uploads\/2023\/12\/LogotipMutuacat-06-.png","width":4697,"height":4028,"caption":"Sport Mutuacat"},"image":{"@id":"https:\/\/sport.mutuacat.org\/es\/#\/schema\/logo\/image\/"},"sameAs":["https:\/\/www.facebook.com\/mutuacat","https:\/\/es.linkedin.com\/company\/mutuacat","https:\/\/www.instagram.com\/mutuacat\/"],"publishingPrinciples":"https:\/\/sport.mutuacat.org\/"},{"@type":"Person","@id":"https:\/\/sport.mutuacat.org\/es\/#\/schema\/person\/2c97f69b13a8f9223fe94ede54339ee7","name":"Elena","image":{"@type":"ImageObject","inLanguage":"es","@id":"https:\/\/sport.mutuacat.org\/es\/#\/schema\/person\/image\/","url":"https:\/\/secure.gravatar.com\/avatar\/f67efd2fecacf28188ce252664f32f593c31836eb02de4724743c99ca5e52dda?s=96&d=mm&r=g","contentUrl":"https:\/\/secure.gravatar.com\/avatar\/f67efd2fecacf28188ce252664f32f593c31836eb02de4724743c99ca5e52dda?s=96&d=mm&r=g","caption":"Elena"}}]}},"_links":{"self":[{"href":"https:\/\/sport.mutuacat.org\/es\/wp-json\/wp\/v2\/posts\/5396","targetHints":{"allow":["GET"]}}],"collection":[{"href":"https:\/\/sport.mutuacat.org\/es\/wp-json\/wp\/v2\/posts"}],"about":[{"href":"https:\/\/sport.mutuacat.org\/es\/wp-json\/wp\/v2\/types\/post"}],"author":[{"embeddable":true,"href":"https:\/\/sport.mutuacat.org\/es\/wp-json\/wp\/v2\/users\/4"}],"replies":[{"embeddable":true,"href":"https:\/\/sport.mutuacat.org\/es\/wp-json\/wp\/v2\/comments?post=5396"}],"version-history":[{"count":4,"href":"https:\/\/sport.mutuacat.org\/es\/wp-json\/wp\/v2\/posts\/5396\/revisions"}],"predecessor-version":[{"id":6463,"href":"https:\/\/sport.mutuacat.org\/es\/wp-json\/wp\/v2\/posts\/5396\/revisions\/6463"}],"wp:featuredmedia":[{"embeddable":true,"href":"https:\/\/sport.mutuacat.org\/es\/wp-json\/wp\/v2\/media\/5360"}],"wp:attachment":[{"href":"https:\/\/sport.mutuacat.org\/es\/wp-json\/wp\/v2\/media?parent=5396"}],"wp:term":[{"taxonomy":"category","embeddable":true,"href":"https:\/\/sport.mutuacat.org\/es\/wp-json\/wp\/v2\/categories?post=5396"},{"taxonomy":"post_tag","embeddable":true,"href":"https:\/\/sport.mutuacat.org\/es\/wp-json\/wp\/v2\/tags?post=5396"}],"curies":[{"name":"wp","href":"https:\/\/api.w.org\/{rel}","templated":true}]}}