{"id":5279,"date":"2025-04-03T10:30:20","date_gmt":"2025-04-03T08:30:20","guid":{"rendered":"http:\/\/test.sport.mutuacat.org\/mutuacat-y-la-federacion-catalana-de-atletismo-renuevan-su-alianza\/"},"modified":"2026-01-05T08:55:48","modified_gmt":"2026-01-05T07:55:48","slug":"mutuacat-y-la-federacion-catalana-de-atletismo-renuevan-su-alianza","status":"publish","type":"post","link":"https:\/\/sport.mutuacat.org\/es\/actualidad\/mutuacat-y-la-federacion-catalana-de-atletismo-renuevan-su-alianza\/","title":{"rendered":"Mutuacat y la Federaci\u00f3n Catalana de Atletismo renuevan su alianza"},"content":{"rendered":"\t\t<div data-elementor-type=\"wp-post\" data-elementor-id=\"5279\" class=\"elementor elementor-5279 elementor-5259\" data-elementor-post-type=\"post\">\n\t\t\t\t\t\t<section class=\"elementor-section elementor-top-section elementor-element elementor-element-b8a2493 elementor-section-height-min-height elementor-section-boxed elementor-section-height-default elementor-section-items-middle\" data-id=\"b8a2493\" data-element_type=\"section\" data-e-type=\"section\" data-settings=\"{&quot;background_background&quot;:&quot;classic&quot;}\">\n\t\t\t\t\t\t\t<div class=\"elementor-background-overlay\"><\/div>\n\t\t\t\t\t\t\t<div class=\"elementor-container elementor-column-gap-default\">\n\t\t\t\t\t<div class=\"elementor-column elementor-col-100 elementor-top-column elementor-element elementor-element-55d2d168\" data-id=\"55d2d168\" data-element_type=\"column\" data-e-type=\"column\">\n\t\t\t<div class=\"elementor-widget-wrap elementor-element-populated\">\n\t\t\t\t\t\t<div class=\"elementor-element elementor-element-5564d8fb de_scroll_animation_no elementor-invisible elementor-widget elementor-widget-heading\" data-id=\"5564d8fb\" data-element_type=\"widget\" data-e-type=\"widget\" data-settings=\"{&quot;_animation&quot;:&quot;fadeIn&quot;}\" data-widget_type=\"heading.default\">\n\t\t\t\t<div class=\"elementor-widget-container\">\n\t\t\t\t\t<h2 class=\"elementor-heading-title elementor-size-default\">Actualidad<\/h2>\t\t\t\t<\/div>\n\t\t\t\t<\/div>\n\t\t\t\t<div class=\"elementor-element elementor-element-1fad7e0f elementor-icon-list--layout-inline elementor-align-center elementor-list-item-link-full_width de_scroll_animation_no elementor-invisible elementor-widget elementor-widget-icon-list\" data-id=\"1fad7e0f\" data-element_type=\"widget\" data-e-type=\"widget\" data-settings=\"{&quot;_animation&quot;:&quot;fadeIn&quot;,&quot;_animation_delay&quot;:200}\" data-widget_type=\"icon-list.default\">\n\t\t\t\t<div class=\"elementor-widget-container\">\n\t\t\t\t\t\t\t<ul class=\"elementor-icon-list-items elementor-inline-items\">\n\t\t\t\t\t\t\t<li class=\"elementor-icon-list-item elementor-inline-item\">\n\t\t\t\t\t\t\t\t\t\t\t<a href=\"https:\/\/sport.mutuacat.org\/es\/\">\n\n\t\t\t\t\t\t\t\t\t\t\t<span class=\"elementor-icon-list-text\">Inicio<\/span>\n\t\t\t\t\t\t\t\t\t\t\t<\/a>\n\t\t\t\t\t\t\t\t\t<\/li>\n\t\t\t\t\t\t\t\t<li class=\"elementor-icon-list-item elementor-inline-item\">\n\t\t\t\t\t\t\t\t\t\t\t<span class=\"elementor-icon-list-icon\">\n\t\t\t\t\t\t\t<i aria-hidden=\"true\" class=\"icon icon-right-arrow1\"><\/i>\t\t\t\t\t\t<\/span>\n\t\t\t\t\t\t\t\t\t\t<span class=\"elementor-icon-list-text\">Noticias<\/span>\n\t\t\t\t\t\t\t\t\t<\/li>\n\t\t\t\t\t\t<\/ul>\n\t\t\t\t\t\t<\/div>\n\t\t\t\t<\/div>\n\t\t\t\t\t<\/div>\n\t\t<\/div>\n\t\t\t\t\t<\/div>\n\t\t<\/section>\n\t\t\t\t<section class=\"elementor-section elementor-top-section elementor-element elementor-element-73c4b09c elementor-section-boxed elementor-section-height-default elementor-section-height-default\" data-id=\"73c4b09c\" data-element_type=\"section\" data-e-type=\"section\">\n\t\t\t\t\t\t<div class=\"elementor-container elementor-column-gap-default\">\n\t\t\t\t\t<div class=\"elementor-column elementor-col-50 elementor-top-column elementor-element elementor-element-6ad661d8 elementor-invisible\" data-id=\"6ad661d8\" data-element_type=\"column\" data-e-type=\"column\" data-settings=\"{&quot;animation&quot;:&quot;fadeIn&quot;,&quot;animation_delay&quot;:200}\">\n\t\t\t<div class=\"elementor-widget-wrap elementor-element-populated\">\n\t\t\t\t\t\t<div class=\"elementor-element elementor-element-431f4834 de_scroll_animation_no elementor-widget elementor-widget-post-featured-image\" data-id=\"431f4834\" data-element_type=\"widget\" data-e-type=\"widget\" data-widget_type=\"post-featured-image.default\">\n\t\t\t\t<div class=\"elementor-widget-container\">\n\t\t\t\t\t<div class=\"press-elements-featured-image \"><img fetchpriority=\"high\" decoding=\"async\" width=\"940\" height=\"788\" src=\"https:\/\/sport.mutuacat.org\/wp-content\/uploads\/2025\/04\/FCA-signatura.png\" class=\"attachment-full size-full wp-post-image\" alt=\"Merc\u00e8 Rosich, presidenta de la Federaci\u00f3 Catalana d\u2019Atletisme, i Leo Mart\u00ednez, adjunt a la Direcci\u00f3 General de Mutuacat mostren la carpeta amb l&#039;acord.\" srcset=\"https:\/\/sport.mutuacat.org\/wp-content\/uploads\/2025\/04\/FCA-signatura.png 940w, https:\/\/sport.mutuacat.org\/wp-content\/uploads\/2025\/04\/FCA-signatura-300x251.png 300w, https:\/\/sport.mutuacat.org\/wp-content\/uploads\/2025\/04\/FCA-signatura-768x644.png 768w\" sizes=\"(max-width: 940px) 100vw, 940px\" \/><\/div>\t\t\t\t<\/div>\n\t\t\t\t<\/div>\n\t\t\t\t<div class=\"elementor-element elementor-element-19e59124 elementor-widget__width-auto de_scroll_animation_no elementor-widget elementor-widget-post-date\" data-id=\"19e59124\" data-element_type=\"widget\" data-e-type=\"widget\" data-widget_type=\"post-date.default\">\n\t\t\t\t<div class=\"elementor-widget-container\">\n\t\t\t\t\t<p class=\"press-elements-date \">03\/04\/2025<\/p>\t\t\t\t<\/div>\n\t\t\t\t<\/div>\n\t\t\t\t<div class=\"elementor-element elementor-element-33d0059b elementor-widget__width-auto de_scroll_animation_no elementor-widget elementor-widget-post-terms\" data-id=\"33d0059b\" data-element_type=\"widget\" data-e-type=\"widget\" data-widget_type=\"post-terms.default\">\n\t\t\t\t<div class=\"elementor-widget-container\">\n\t\t\t\t\t<p class=\"press-elements-terms \">Actualidad<\/p>\t\t\t\t<\/div>\n\t\t\t\t<\/div>\n\t\t\t\t<div class=\"elementor-element elementor-element-33647406 de_scroll_animation_no elementor-widget elementor-widget-dt-post-title\" data-id=\"33647406\" data-element_type=\"widget\" data-e-type=\"widget\" data-widget_type=\"dt-post-title.default\">\n\t\t\t\t<div class=\"elementor-widget-container\">\n\t\t\t\t\t<h2 class=\"dt-post-title \">Mutuacat y la Federaci\u00f3n Catalana de Atletismo renuevan su alianza<\/h2>\t\t\t\t<\/div>\n\t\t\t\t<\/div>\n\t\t\t\t<div class=\"elementor-element elementor-element-3d57e82 de_scroll_animation_no elementor-widget elementor-widget-post-excerpt\" data-id=\"3d57e82\" data-element_type=\"widget\" data-e-type=\"widget\" data-widget_type=\"post-excerpt.default\">\n\t\t\t\t<div class=\"elementor-widget-container\">\n\t\t\t\t\t<p class=\"press-elements-excerpt \">El pasado 31 de marzo de 2025, la sede de la Federaci\u00f3n Catalana de Atletismo en Cornell\u00e0 de Llobregat acogi\u00f3 el acto de firma para renovar el patrocinio con Mutuacat.<\/p>\t\t\t\t<\/div>\n\t\t\t\t<\/div>\n\t\t\t\t<div class=\"elementor-element elementor-element-4e6cadbb de_scroll_animation_no elementor-widget elementor-widget-text-editor\" data-id=\"4e6cadbb\" data-element_type=\"widget\" data-e-type=\"widget\" data-widget_type=\"text-editor.default\">\n\t\t\t\t<div class=\"elementor-widget-container\">\n\t\t\t\t\t\t\t\t\t<p>El pasado 31 de marzo de 2025, la sede de la <a href=\"https:\/\/fcatletisme.cat\/\">Federaci\u00f3n Catalana de Atletismo<\/a> en Cornell\u00e0 de Llobregat acogi\u00f3 el acto de firma para renovar el patrocinio con <a href=\"https:\/\/www.sport.mutuacat.org\/es\/\">Mutuacat<\/a>. Este acuerdo reafirma la relaci\u00f3n de colaboraci\u00f3n que ambas entidades mantienen desde 2017. As\u00ed, se consolida a Mutuacat como referente en la atenci\u00f3n sanitaria de los atletas federados.  <\/p><p>El acto cont\u00f3 con la presencia de <strong>Merc\u00e8 Rosich<\/strong>, presidenta de la Federaci\u00f3n Catalana de Atletismo, y<strong> Leo Mart\u00ednez<\/strong>, adjunto a la Direcci\u00f3n General de Mutuacat. \u00c9ste \u00faltimo destac\u00f3 la importancia de esta alianza. \u00abDesde 2017, Mutuacat ha sido la aseguradora de los accidentes de los federados de atletismo, tanto durante los entrenamientos como en las competiciones. En estos momentos, los atletas lucen nuestra marca en sus dorsales. Esta colaboraci\u00f3n ha sido un elemento clave para conseguir el reconocimiento del buen servicio que ofrecemos. Con la renovaci\u00f3n del patrocinio para 2025, hemos querido aprovechar la oportunidad para presentarnos como a <strong><em>Partner<\/em> M\u00e9dico Oficial de la Federaci\u00f3n Catalana de Atletismo<\/strong>. De este modo, buscamos incrementar nuestra notoriedad y consolidar nuestra vinculaci\u00f3n con el deporte. Adem\u00e1s, reafirmamos nuestro compromiso con el bienestar y la seguridad de los atletas.\u201d       <\/p><p>Por su parte, Merc\u00e8 Rosich declar\u00f3: \u00abEstamos<strong> <\/strong> muy satisfechos de este acuerdo, desde que se apost\u00f3 en 2017 por Mutuacat, los resultados han sido muy provechosos y la Federaci\u00f3n siempre ha optado por mantener esta uni\u00f3n que nos hace fuertes mutuamente y nos ayuda a crecer\u00bb<\/p><h3 id=\"h-compromis-ferm-amb-l-esport-catala\" class=\"wp-block-heading\">Firme compromiso con el deporte<\/h3><p>Con esta renovaci\u00f3n, Mutuacat reafirma su apoyo al atletismo. Al mismo tiempo, fortalece su presencia en el deporte naconal. La colaboraci\u00f3n entre ambas instituciones se traduce en una efectiva protecci\u00f3n para los deportistas. As\u00ed, se asegura una cobertura de calidad en caso de accidente. Adem\u00e1s, el patrocinio permite dar visibilidad a los valores del deporte y la salud. Todo ello contribuye a promover un estilo de vida activo y seguro para todos los atletas federados.     <\/p><p>La Federaci\u00f3n Catalana de Atletismo y Mutuacat comparten una misma filosof\u00eda. Trabajan por la excelencia, la proximidad y el compromiso con el territorio. Esta renovaci\u00f3n del acuerdo no s\u00f3lo refuerza el v\u00ednculo entre ambas instituciones, sino que tambi\u00e9n pone en valor la importancia de mantener alianzas estrat\u00e9gicas a largo plazo. As\u00ed, su colaboraci\u00f3n sigue siendo un ejemplo de apoyo mutuo en beneficio del deporte catal\u00e1n.   <\/p>\t\t\t\t\t\t\t\t<\/div>\n\t\t\t\t<\/div>\n\t\t\t\t<section class=\"elementor-section elementor-inner-section elementor-element elementor-element-61d2b0cb elementor-section-boxed elementor-section-height-default elementor-section-height-default\" data-id=\"61d2b0cb\" data-element_type=\"section\" data-e-type=\"section\">\n\t\t\t\t\t\t<div class=\"elementor-container elementor-column-gap-default\">\n\t\t\t\t\t<div class=\"elementor-column elementor-col-50 elementor-inner-column elementor-element elementor-element-54a5b3f3\" data-id=\"54a5b3f3\" data-element_type=\"column\" data-e-type=\"column\">\n\t\t\t<div class=\"elementor-widget-wrap elementor-element-populated\">\n\t\t\t\t\t\t<div class=\"elementor-element elementor-element-7b3621d0 elementor-widget__width-auto de_scroll_animation_no elementor-widget elementor-widget-text-editor\" data-id=\"7b3621d0\" data-element_type=\"widget\" data-e-type=\"widget\" data-widget_type=\"text-editor.default\">\n\t\t\t\t<div class=\"elementor-widget-container\">\n\t\t\t\t\t\t\t\t\t<p>Etiquetas: atletismo, deporte,FCA, federaciones deportivas, patrocinio<\/p>\t\t\t\t\t\t\t\t<\/div>\n\t\t\t\t<\/div>\n\t\t\t\t<div class=\"elementor-element elementor-element-2d2e0f9 elementor-widget__width-auto de_scroll_animation_no elementor-widget elementor-widget-post-terms\" data-id=\"2d2e0f9\" data-element_type=\"widget\" data-e-type=\"widget\" data-widget_type=\"post-terms.default\">\n\t\t\t\t<div class=\"elementor-widget-container\">\n\t\t\t\t\t<p class=\"press-elements-terms \">Atletismo, FCA, federaciones deportivas, Seguros deportivos<\/p>\t\t\t\t<\/div>\n\t\t\t\t<\/div>\n\t\t\t\t\t<\/div>\n\t\t<\/div>\n\t\t\t\t<div class=\"elementor-column elementor-col-50 elementor-inner-column elementor-element elementor-element-37279e5f\" data-id=\"37279e5f\" data-element_type=\"column\" data-e-type=\"column\">\n\t\t\t<div class=\"elementor-widget-wrap\">\n\t\t\t\t\t\t\t<\/div>\n\t\t<\/div>\n\t\t\t\t\t<\/div>\n\t\t<\/section>\n\t\t\t\t\t<\/div>\n\t\t<\/div>\n\t\t\t\t<div class=\"elementor-column elementor-col-50 elementor-top-column elementor-element elementor-element-2ed830ed elementor-invisible\" data-id=\"2ed830ed\" data-element_type=\"column\" data-e-type=\"column\" data-settings=\"{&quot;animation&quot;:&quot;fadeIn&quot;,&quot;animation_delay&quot;:400}\">\n\t\t\t<div class=\"elementor-widget-wrap elementor-element-populated\">\n\t\t\t\t\t\t<section class=\"elementor-section elementor-inner-section elementor-element elementor-element-1b7efdc elementor-section-boxed elementor-section-height-default elementor-section-height-default\" data-id=\"1b7efdc\" data-element_type=\"section\" data-e-type=\"section\">\n\t\t\t\t\t\t<div class=\"elementor-container elementor-column-gap-default\">\n\t\t\t\t\t<div class=\"elementor-column elementor-col-100 elementor-inner-column elementor-element elementor-element-668f485e\" data-id=\"668f485e\" data-element_type=\"column\" data-e-type=\"column\">\n\t\t\t<div class=\"elementor-widget-wrap elementor-element-populated\">\n\t\t\t\t\t\t<div class=\"elementor-element elementor-element-582033a6 de_scroll_animation_no elementor-widget elementor-widget-heading\" data-id=\"582033a6\" data-element_type=\"widget\" data-e-type=\"widget\" data-widget_type=\"heading.default\">\n\t\t\t\t<div class=\"elementor-widget-container\">\n\t\t\t\t\t<h3 class=\"elementor-heading-title elementor-size-default\">Qui\u00e9nes somos<\/h3>\t\t\t\t<\/div>\n\t\t\t\t<\/div>\n\t\t\t\t<div class=\"elementor-element elementor-element-5d6b157e elementor-widget-divider--view-line de_scroll_animation_no elementor-widget elementor-widget-divider\" data-id=\"5d6b157e\" data-element_type=\"widget\" data-e-type=\"widget\" data-widget_type=\"divider.default\">\n\t\t\t\t<div class=\"elementor-widget-container\">\n\t\t\t\t\t\t\t<div class=\"elementor-divider\">\n\t\t\t<span class=\"elementor-divider-separator\">\n\t\t\t\t\t\t<\/span>\n\t\t<\/div>\n\t\t\t\t\t\t<\/div>\n\t\t\t\t<\/div>\n\t\t\t\t<div class=\"elementor-element elementor-element-5fb9cfac de_scroll_animation_no elementor-widget elementor-widget-text-editor\" data-id=\"5fb9cfac\" data-element_type=\"widget\" data-e-type=\"widget\" data-widget_type=\"text-editor.default\">\n\t\t\t\t<div class=\"elementor-widget-container\">\n\t\t\t\t\t\t\t\t\t<p>\u00a1Somos la aseguradora del deporte!<\/p><p><span style=\"color: var( --e-global-color-text ); font-family: var( --e-global-typography-text-font-family ), Sans-serif; font-size: var( --e-global-typography-text-font-size ); font-weight: var( --e-global-typography-text-font-weight ); text-transform: var( --e-global-typography-text-text-transform );\">Cubrimos los accidentes deportivos de federaciones de todo el Estado, consejos deportivos, ligas de f\u00fatbol y baloncesto (no federado), gimnasios, piscinas, grupos deportivos, carreras populares.<\/span><\/p>\n<p>\u00a1Disfruta de la tranquilidad de confiar en una mutualidad \u00e9tica y cercana, que siempre estar\u00e1 a tu lado!<\/p>\t\t\t\t\t\t\t\t<\/div>\n\t\t\t\t<\/div>\n\t\t\t\t<div class=\"elementor-element elementor-element-7d6a9153 de_scroll_animation_no elementor-widget elementor-widget-elementskit-header-info\" data-id=\"7d6a9153\" data-element_type=\"widget\" data-e-type=\"widget\" data-widget_type=\"elementskit-header-info.default\">\n\t\t\t\t<div class=\"elementor-widget-container\">\n\t\t\t\t\t<div class=\"ekit-wid-con\" >        <ul class=\"ekit-header-info\">\n                                    <li>\n                            <a href=\"mailto:sport@mutuacat.org\" target=\"_blank\" rel=\"nofollow\"> \n                                                                https:\/\/sport.mutuacat.org\/es\/                            <\/a>\n                        <\/li>\n\n                            <\/ul>\n        <\/div>\t\t\t\t<\/div>\n\t\t\t\t<\/div>\n\t\t\t\t<div class=\"elementor-element elementor-element-60b2992b de_scroll_animation_no elementor-widget elementor-widget-elementskit-header-info\" data-id=\"60b2992b\" data-element_type=\"widget\" data-e-type=\"widget\" data-widget_type=\"elementskit-header-info.default\">\n\t\t\t\t<div class=\"elementor-widget-container\">\n\t\t\t\t\t<div class=\"ekit-wid-con\" >        <ul class=\"ekit-header-info\">\n                                    <li>\n                            <a href=\"tel:902490480\" target=\"_blank\" rel=\"nofollow\"> \n                                                                902 490 480                            <\/a>\n                        <\/li>\n\n                            <\/ul>\n        <\/div>\t\t\t\t<\/div>\n\t\t\t\t<\/div>\n\t\t\t\t\t<\/div>\n\t\t<\/div>\n\t\t\t\t\t<\/div>\n\t\t<\/section>\n\t\t\t\t<section class=\"elementor-section elementor-inner-section elementor-element elementor-element-552adee5 elementor-section-boxed elementor-section-height-default elementor-section-height-default\" data-id=\"552adee5\" data-element_type=\"section\" data-e-type=\"section\">\n\t\t\t\t\t\t<div class=\"elementor-container elementor-column-gap-default\">\n\t\t\t\t\t<div class=\"elementor-column elementor-col-100 elementor-inner-column elementor-element elementor-element-8158a2\" data-id=\"8158a2\" data-element_type=\"column\" data-e-type=\"column\">\n\t\t\t<div class=\"elementor-widget-wrap elementor-element-populated\">\n\t\t\t\t\t\t<div class=\"elementor-element elementor-element-5cc809 de_scroll_animation_no elementor-widget elementor-widget-heading\" data-id=\"5cc809\" data-element_type=\"widget\" data-e-type=\"widget\" data-widget_type=\"heading.default\">\n\t\t\t\t<div class=\"elementor-widget-container\">\n\t\t\t\t\t<h3 class=\"elementor-heading-title elementor-size-default\">\u00daltimos art\u00edculos<\/h3>\t\t\t\t<\/div>\n\t\t\t\t<\/div>\n\t\t\t\t<div class=\"elementor-element elementor-element-13a04aa1 elementor-widget-divider--view-line de_scroll_animation_no elementor-widget elementor-widget-divider\" data-id=\"13a04aa1\" data-element_type=\"widget\" data-e-type=\"widget\" data-widget_type=\"divider.default\">\n\t\t\t\t<div class=\"elementor-widget-container\">\n\t\t\t\t\t\t\t<div class=\"elementor-divider\">\n\t\t\t<span class=\"elementor-divider-separator\">\n\t\t\t\t\t\t<\/span>\n\t\t<\/div>\n\t\t\t\t\t\t<\/div>\n\t\t\t\t<\/div>\n\t\t\t\t<div class=\"elementor-element elementor-element-7f4b5ba3 de_scroll_animation_no elementor-widget elementor-widget-elementskit-post-list\" data-id=\"7f4b5ba3\" data-element_type=\"widget\" data-e-type=\"widget\" data-widget_type=\"elementskit-post-list.default\">\n\t\t\t\t<div class=\"elementor-widget-container\">\n\t\t\t\t\t<div class=\"ekit-wid-con\" >\t\t<ul class=\"elementor-icon-list-items ekit-post-list-wrapper \">\n\t\t\t\t\t\t<li class=\"elementor-icon-list-item   \">\n\t\t\t\t<a href=\"https:\/\/sport.mutuacat.org\/es\/actualidad\/mutuacat-en-la-presentacion-de-esport-k\/\" >\n\t\t\t\t\t<img decoding=\"async\" width=\"300\" height=\"300\" src=\"https:\/\/sport.mutuacat.org\/wp-content\/uploads\/2026\/03\/Presentacio-Esport-K-300x300.jpeg\" class=\"attachment-medium size-medium wp-post-image\" alt=\"Leo Mart\u00ednes, de mutuacat entre Pitu Gonzalez i S\u00edlvia P\u00e9rez de l CEEB\" srcset=\"https:\/\/sport.mutuacat.org\/wp-content\/uploads\/2026\/03\/Presentacio-Esport-K-300x300.jpeg 300w, https:\/\/sport.mutuacat.org\/wp-content\/uploads\/2026\/03\/Presentacio-Esport-K-1024x1024.jpeg 1024w, https:\/\/sport.mutuacat.org\/wp-content\/uploads\/2026\/03\/Presentacio-Esport-K-150x150.jpeg 150w, https:\/\/sport.mutuacat.org\/wp-content\/uploads\/2026\/03\/Presentacio-Esport-K-768x768.jpeg 768w, https:\/\/sport.mutuacat.org\/wp-content\/uploads\/2026\/03\/Presentacio-Esport-K-1536x1536.jpeg 1536w, https:\/\/sport.mutuacat.org\/wp-content\/uploads\/2026\/03\/Presentacio-Esport-K.jpeg 2047w\" sizes=\"(max-width: 300px) 100vw, 300px\" \/>\t\t\t\t\t<div class=\"ekit_post_list_content_wraper\">\n\t\t\t\t\t\t\t\t\t\t\t\t\t\t\t\t\t\t<div class=\"meta-lists\">\n\t\t\t\t\t\t\t\t\t\t\t\t\t\t<span class=\"meta-date\">\n\n\t\t\t\t\t\t\t\t\n\t\t\t\t\t\t\t\t19 Feb 2026\t\t\t\t\t\t\t<\/span>\n\t\t\t\t\t\t\t\n\t\t\t\t\t\t\t\t\t\t\t\t\t<\/div>\n\t\t\t\t\t\t\n\t\t\t\t\t\t<span class=\"elementor-icon-list-text\">Mutuacat, en la presentaci\u00f3n de Esport K<\/span>\n\n\t\t\t\t\t\t\t\t\t\t\t<\/div>\n\t\t\t\t<\/a>\n\t\t\t<\/li>\n\t\t\t\t\t<li class=\"elementor-icon-list-item   \">\n\t\t\t\t<a href=\"https:\/\/sport.mutuacat.org\/es\/actualidad\/mutuacat-en-la-fiesta-del-deporte-catalan\/\" >\n\t\t\t\t\t<img decoding=\"async\" width=\"300\" height=\"251\" src=\"https:\/\/sport.mutuacat.org\/wp-content\/uploads\/2026\/01\/Festa-de-lEsport-Catala-Premi-millor-gestio-federativa-300x251.png\" class=\"attachment-medium size-medium wp-post-image\" alt=\"Festa de l&#039;Esport Catal\u00e0 -\" srcset=\"https:\/\/sport.mutuacat.org\/wp-content\/uploads\/2026\/01\/Festa-de-lEsport-Catala-Premi-millor-gestio-federativa-300x251.png 300w, https:\/\/sport.mutuacat.org\/wp-content\/uploads\/2026\/01\/Festa-de-lEsport-Catala-Premi-millor-gestio-federativa-768x644.png 768w, https:\/\/sport.mutuacat.org\/wp-content\/uploads\/2026\/01\/Festa-de-lEsport-Catala-Premi-millor-gestio-federativa.png 940w\" sizes=\"(max-width: 300px) 100vw, 300px\" \/>\t\t\t\t\t<div class=\"ekit_post_list_content_wraper\">\n\t\t\t\t\t\t\t\t\t\t\t\t\t\t\t\t\t\t<div class=\"meta-lists\">\n\t\t\t\t\t\t\t\t\t\t\t\t\t\t<span class=\"meta-date\">\n\n\t\t\t\t\t\t\t\t\n\t\t\t\t\t\t\t\t27 Ene 2026\t\t\t\t\t\t\t<\/span>\n\t\t\t\t\t\t\t\n\t\t\t\t\t\t\t\t\t\t\t\t\t<\/div>\n\t\t\t\t\t\t\n\t\t\t\t\t\t<span class=\"elementor-icon-list-text\">Mutuacat en la Fiesta del Deporte Catal\u00e1n<\/span>\n\n\t\t\t\t\t\t\t\t\t\t\t<\/div>\n\t\t\t\t<\/a>\n\t\t\t<\/li>\n\t\t\t\t\t<li class=\"elementor-icon-list-item   \">\n\t\t\t\t<a href=\"https:\/\/sport.mutuacat.org\/es\/actualidad\/miting-internacional-cataluna-atletismo\/\" >\n\t\t\t\t\t<img loading=\"lazy\" decoding=\"async\" width=\"300\" height=\"251\" src=\"https:\/\/sport.mutuacat.org\/wp-content\/uploads\/2026\/01\/Miting-Internacional-Catalunya-dAtletisme-300x251.png\" class=\"attachment-medium size-medium wp-post-image\" alt=\"M\u00edting Internacional Catalunya d&#039;atletisme- Un atleta mostra el trofeu que i ha lliurat Sergi Maci\u00e0, directorgeneral de Mutuacat\" srcset=\"https:\/\/sport.mutuacat.org\/wp-content\/uploads\/2026\/01\/Miting-Internacional-Catalunya-dAtletisme-300x251.png 300w, https:\/\/sport.mutuacat.org\/wp-content\/uploads\/2026\/01\/Miting-Internacional-Catalunya-dAtletisme-768x644.png 768w, https:\/\/sport.mutuacat.org\/wp-content\/uploads\/2026\/01\/Miting-Internacional-Catalunya-dAtletisme.png 940w\" sizes=\"(max-width: 300px) 100vw, 300px\" \/>\t\t\t\t\t<div class=\"ekit_post_list_content_wraper\">\n\t\t\t\t\t\t\t\t\t\t\t\t\t\t\t\t\t\t<div class=\"meta-lists\">\n\t\t\t\t\t\t\t\t\t\t\t\t\t\t<span class=\"meta-date\">\n\n\t\t\t\t\t\t\t\t\n\t\t\t\t\t\t\t\t26 Ene 2026\t\t\t\t\t\t\t<\/span>\n\t\t\t\t\t\t\t\n\t\t\t\t\t\t\t\t\t\t\t\t\t<\/div>\n\t\t\t\t\t\t\n\t\t\t\t\t\t<span class=\"elementor-icon-list-text\">Mutuacat reafirma su compromiso con el atletismo en la 11\u00aa edici\u00f3n del M\u00edting Internacional Catalu\u00f1a<\/span>\n\n\t\t\t\t\t\t\t\t\t\t\t<\/div>\n\t\t\t\t<\/a>\n\t\t\t<\/li>\n\t\t\t\t<\/ul>\n\t\t<\/div>\t\t\t\t<\/div>\n\t\t\t\t<\/div>\n\t\t\t\t\t<\/div>\n\t\t<\/div>\n\t\t\t\t\t<\/div>\n\t\t<\/section>\n\t\t\t\t<section class=\"elementor-section elementor-inner-section elementor-element elementor-element-5b0a98c elementor-section-boxed elementor-section-height-default elementor-section-height-default\" data-id=\"5b0a98c\" data-element_type=\"section\" data-e-type=\"section\" data-settings=\"{&quot;background_background&quot;:&quot;classic&quot;}\">\n\t\t\t\t\t\t\t<div class=\"elementor-background-overlay\"><\/div>\n\t\t\t\t\t\t\t<div class=\"elementor-container elementor-column-gap-default\">\n\t\t\t\t\t<div class=\"elementor-column elementor-col-100 elementor-inner-column elementor-element elementor-element-14fa443b\" data-id=\"14fa443b\" data-element_type=\"column\" data-e-type=\"column\">\n\t\t\t<div class=\"elementor-widget-wrap elementor-element-populated\">\n\t\t\t\t\t\t<div class=\"elementor-element elementor-element-78ad19d8 de_scroll_animation_no elementor-widget elementor-widget-heading\" data-id=\"78ad19d8\" data-element_type=\"widget\" data-e-type=\"widget\" data-widget_type=\"heading.default\">\n\t\t\t\t<div class=\"elementor-widget-container\">\n\t\t\t\t\t<h3 class=\"elementor-heading-title elementor-size-default\">Contacto<\/h3>\t\t\t\t<\/div>\n\t\t\t\t<\/div>\n\t\t\t\t<div class=\"elementor-element elementor-element-29bb89a6 elementor-widget-divider--view-line de_scroll_animation_no elementor-widget elementor-widget-divider\" data-id=\"29bb89a6\" data-element_type=\"widget\" data-e-type=\"widget\" data-widget_type=\"divider.default\">\n\t\t\t\t<div class=\"elementor-widget-container\">\n\t\t\t\t\t\t\t<div class=\"elementor-divider\">\n\t\t\t<span class=\"elementor-divider-separator\">\n\t\t\t\t\t\t<\/span>\n\t\t<\/div>\n\t\t\t\t\t\t<\/div>\n\t\t\t\t<\/div>\n\t\t\t\t<div class=\"elementor-element elementor-element-b057ea4 de_scroll_animation_no elementor-widget elementor-widget-text-editor\" data-id=\"b057ea4\" data-element_type=\"widget\" data-e-type=\"widget\" data-widget_type=\"text-editor.default\">\n\t\t\t\t<div class=\"elementor-widget-container\">\n\t\t\t\t\t\t\t\t\t<p>\u00bfQuieres informaci\u00f3n sobre nuestros seguros deportivos y de ocio y tiempo libre?<\/p>\t\t\t\t\t\t\t\t<\/div>\n\t\t\t\t<\/div>\n\t\t\t\t<div class=\"elementor-element elementor-element-1d70924e elementor-align-left de_scroll_animation_no elementor-widget elementor-widget-button\" data-id=\"1d70924e\" data-element_type=\"widget\" data-e-type=\"widget\" data-widget_type=\"button.default\">\n\t\t\t\t<div class=\"elementor-widget-container\">\n\t\t\t\t\t\t\t\t\t<div class=\"elementor-button-wrapper\">\n\t\t\t\t\t<a class=\"elementor-button elementor-button-link elementor-size-sm\" href=\"http:\/\/sport.mutuacat.org\/es\/contacto\/\">\n\t\t\t\t\t\t<span class=\"elementor-button-content-wrapper\">\n\t\t\t\t\t\t<span class=\"elementor-button-icon\">\n\t\t\t\t<i aria-hidden=\"true\" class=\"icon icon-comment1\"><\/i>\t\t\t<\/span>\n\t\t\t\t\t\t\t\t\t<span class=\"elementor-button-text\">M\u00e1ndanos un mensaje<\/span>\n\t\t\t\t\t<\/span>\n\t\t\t\t\t<\/a>\n\t\t\t\t<\/div>\n\t\t\t\t\t\t\t\t<\/div>\n\t\t\t\t<\/div>\n\t\t\t\t\t<\/div>\n\t\t<\/div>\n\t\t\t\t\t<\/div>\n\t\t<\/section>\n\t\t\t\t\t<\/div>\n\t\t<\/div>\n\t\t\t\t\t<\/div>\n\t\t<\/section>\n\t\t\t\t<section class=\"elementor-section elementor-top-section elementor-element elementor-element-7afb28d elementor-hidden-desktop elementor-hidden-tablet elementor-hidden-mobile elementor-section-boxed elementor-section-height-default elementor-section-height-default\" data-id=\"7afb28d\" data-element_type=\"section\" data-e-type=\"section\" data-settings=\"{&quot;background_background&quot;:&quot;classic&quot;}\">\n\t\t\t\t\t\t<div class=\"elementor-container elementor-column-gap-default\">\n\t\t\t\t\t<div class=\"elementor-column elementor-col-100 elementor-top-column elementor-element elementor-element-7587e6d0\" data-id=\"7587e6d0\" data-element_type=\"column\" data-e-type=\"column\">\n\t\t\t<div class=\"elementor-widget-wrap elementor-element-populated\">\n\t\t\t\t\t\t<div class=\"elementor-element elementor-element-3ad2673 de_scroll_animation_no elementor-invisible elementor-widget elementor-widget-text-editor\" data-id=\"3ad2673\" data-element_type=\"widget\" data-e-type=\"widget\" data-settings=\"{&quot;_animation&quot;:&quot;fadeIn&quot;}\" data-widget_type=\"text-editor.default\">\n\t\t\t\t<div class=\"elementor-widget-container\">\n\t\t\t\t\t\t\t\t\t<p>Noticias<\/p>\t\t\t\t\t\t\t\t<\/div>\n\t\t\t\t<\/div>\n\t\t\t\t<div class=\"elementor-element elementor-element-3623a794 de_scroll_animation_no elementor-invisible elementor-widget elementor-widget-heading\" data-id=\"3623a794\" data-element_type=\"widget\" data-e-type=\"widget\" data-settings=\"{&quot;_animation&quot;:&quot;fadeIn&quot;,&quot;_animation_delay&quot;:200}\" data-widget_type=\"heading.default\">\n\t\t\t\t<div class=\"elementor-widget-container\">\n\t\t\t\t\t<h2 class=\"elementor-heading-title elementor-size-default\">Subscribe to our newsletter<\/h2>\t\t\t\t<\/div>\n\t\t\t\t<\/div>\n\t\t\t\t<div class=\"elementor-element elementor-element-41301744 ekit_wpForms_container-form-button-custom de_scroll_animation_no elementor-invisible elementor-widget elementor-widget-elementskit-wp-forms\" data-id=\"41301744\" data-element_type=\"widget\" data-e-type=\"widget\" data-settings=\"{&quot;_animation&quot;:&quot;fadeIn&quot;,&quot;_animation_delay&quot;:400}\" data-widget_type=\"elementskit-wp-forms.default\">\n\t\t\t\t<div class=\"elementor-widget-container\">\n\t\t\t\t\t<div class=\"ekit-wid-con ekit_wpForms_container\">[wpforms id=\"468\"]<\/div>\t\t\t\t<\/div>\n\t\t\t\t<\/div>\n\t\t\t\t\t<\/div>\n\t\t<\/div>\n\t\t\t\t\t<\/div>\n\t\t<\/section>\n\t\t\t\t<\/div>\n\t\t","protected":false},"excerpt":{"rendered":"<p>El pasado 31 de marzo de 2025, la sede de la Federaci\u00f3n Catalana de Atletismo en Cornell\u00e0 de Llobregat acogi\u00f3 el acto de firma para renovar el patrocinio con Mutuacat.<\/p>\n","protected":false},"author":4,"featured_media":5270,"comment_status":"closed","ping_status":"closed","sticky":false,"template":"","format":"standard","meta":{"footnotes":""},"categories":[44],"tags":[61,60,206,180],"class_list":["post-5279","post","type-post","status-publish","format-standard","has-post-thumbnail","hentry","category-actualidad","tag-atletismo","tag-fca-es","tag-federaciones-deportivas","tag-seguros-deportivos"],"yoast_head":"<!-- This site is optimized with the Yoast SEO Premium plugin v23.6 (Yoast SEO v26.9) - https:\/\/yoast.com\/product\/yoast-seo-premium-wordpress\/ -->\n<title>La Federaci\u00f3n Catalana de Atletismo y Mutuacat<\/title>\n<meta name=\"description\" content=\"La sede de la Federaci\u00f3n Catalana de Atletismo en Cornell\u00e0 de Llobregat acogi\u00f3 el acto de firma para renovar el patrocinio con Mutuacat\" \/>\n<meta name=\"robots\" content=\"index, follow, max-snippet:-1, max-image-preview:large, max-video-preview:-1\" \/>\n<link rel=\"canonical\" href=\"https:\/\/sport.mutuacat.org\/es\/actualidad\/mutuacat-y-la-federacion-catalana-de-atletismo-renuevan-su-alianza\/\" \/>\n<meta property=\"og:locale\" content=\"es_ES\" \/>\n<meta property=\"og:type\" content=\"article\" \/>\n<meta property=\"og:title\" content=\"Mutuacat y la Federaci\u00f3n Catalana de Atletismo renuevan su alianza\" \/>\n<meta property=\"og:description\" content=\"La sede de la Federaci\u00f3n Catalana de Atletismo en Cornell\u00e0 de Llobregat acogi\u00f3 el acto de firma para renovar el patrocinio con Mutuacat\" \/>\n<meta property=\"og:url\" content=\"https:\/\/sport.mutuacat.org\/es\/actualidad\/mutuacat-y-la-federacion-catalana-de-atletismo-renuevan-su-alianza\/\" \/>\n<meta property=\"og:site_name\" content=\"Sport Mutuacat\" \/>\n<meta property=\"article:publisher\" content=\"https:\/\/www.facebook.com\/mutuacat\" \/>\n<meta property=\"article:published_time\" content=\"2025-04-03T08:30:20+00:00\" \/>\n<meta property=\"article:modified_time\" content=\"2026-01-05T07:55:48+00:00\" \/>\n<meta property=\"og:image\" content=\"https:\/\/sport.mutuacat.org\/wp-content\/uploads\/2025\/04\/FCA-signatura.png\" \/>\n\t<meta property=\"og:image:width\" content=\"940\" \/>\n\t<meta property=\"og:image:height\" content=\"788\" \/>\n\t<meta property=\"og:image:type\" content=\"image\/png\" \/>\n<meta name=\"author\" content=\"Elena\" \/>\n<meta name=\"twitter:card\" content=\"summary_large_image\" \/>\n<meta name=\"twitter:label1\" content=\"Escrito por\" \/>\n\t<meta name=\"twitter:data1\" content=\"Elena\" \/>\n\t<meta name=\"twitter:label2\" content=\"Tiempo de lectura\" \/>\n\t<meta name=\"twitter:data2\" content=\"4 minutos\" \/>\n<script type=\"application\/ld+json\" class=\"yoast-schema-graph\">{\"@context\":\"https:\/\/schema.org\",\"@graph\":[{\"@type\":\"Article\",\"@id\":\"https:\/\/sport.mutuacat.org\/es\/actualidad\/mutuacat-y-la-federacion-catalana-de-atletismo-renuevan-su-alianza\/#article\",\"isPartOf\":{\"@id\":\"https:\/\/sport.mutuacat.org\/es\/actualidad\/mutuacat-y-la-federacion-catalana-de-atletismo-renuevan-su-alianza\/\"},\"author\":{\"name\":\"Elena\",\"@id\":\"https:\/\/sport.mutuacat.org\/es\/#\/schema\/person\/2c97f69b13a8f9223fe94ede54339ee7\"},\"headline\":\"Mutuacat y la Federaci\u00f3n Catalana de Atletismo renuevan su alianza\",\"datePublished\":\"2025-04-03T08:30:20+00:00\",\"dateModified\":\"2026-01-05T07:55:48+00:00\",\"mainEntityOfPage\":{\"@id\":\"https:\/\/sport.mutuacat.org\/es\/actualidad\/mutuacat-y-la-federacion-catalana-de-atletismo-renuevan-su-alianza\/\"},\"wordCount\":553,\"publisher\":{\"@id\":\"https:\/\/sport.mutuacat.org\/es\/#organization\"},\"image\":{\"@id\":\"https:\/\/sport.mutuacat.org\/es\/actualidad\/mutuacat-y-la-federacion-catalana-de-atletismo-renuevan-su-alianza\/#primaryimage\"},\"thumbnailUrl\":\"https:\/\/sport.mutuacat.org\/wp-content\/uploads\/2025\/04\/FCA-signatura.png\",\"keywords\":[\"Atletismo\",\"FCA\",\"federaciones deportivas\",\"Seguros deportivos\"],\"articleSection\":[\"Actualidad\"],\"inLanguage\":\"es\"},{\"@type\":\"WebPage\",\"@id\":\"https:\/\/sport.mutuacat.org\/es\/actualidad\/mutuacat-y-la-federacion-catalana-de-atletismo-renuevan-su-alianza\/\",\"url\":\"https:\/\/sport.mutuacat.org\/es\/actualidad\/mutuacat-y-la-federacion-catalana-de-atletismo-renuevan-su-alianza\/\",\"name\":\"La Federaci\u00f3n Catalana de Atletismo y Mutuacat\",\"isPartOf\":{\"@id\":\"https:\/\/sport.mutuacat.org\/es\/#website\"},\"primaryImageOfPage\":{\"@id\":\"https:\/\/sport.mutuacat.org\/es\/actualidad\/mutuacat-y-la-federacion-catalana-de-atletismo-renuevan-su-alianza\/#primaryimage\"},\"image\":{\"@id\":\"https:\/\/sport.mutuacat.org\/es\/actualidad\/mutuacat-y-la-federacion-catalana-de-atletismo-renuevan-su-alianza\/#primaryimage\"},\"thumbnailUrl\":\"https:\/\/sport.mutuacat.org\/wp-content\/uploads\/2025\/04\/FCA-signatura.png\",\"datePublished\":\"2025-04-03T08:30:20+00:00\",\"dateModified\":\"2026-01-05T07:55:48+00:00\",\"description\":\"La sede de la Federaci\u00f3n Catalana de Atletismo en Cornell\u00e0 de Llobregat acogi\u00f3 el acto de firma para renovar el patrocinio con Mutuacat\",\"breadcrumb\":{\"@id\":\"https:\/\/sport.mutuacat.org\/es\/actualidad\/mutuacat-y-la-federacion-catalana-de-atletismo-renuevan-su-alianza\/#breadcrumb\"},\"inLanguage\":\"es\",\"potentialAction\":[{\"@type\":\"ReadAction\",\"target\":[\"https:\/\/sport.mutuacat.org\/es\/actualidad\/mutuacat-y-la-federacion-catalana-de-atletismo-renuevan-su-alianza\/\"]}]},{\"@type\":\"ImageObject\",\"inLanguage\":\"es\",\"@id\":\"https:\/\/sport.mutuacat.org\/es\/actualidad\/mutuacat-y-la-federacion-catalana-de-atletismo-renuevan-su-alianza\/#primaryimage\",\"url\":\"https:\/\/sport.mutuacat.org\/wp-content\/uploads\/2025\/04\/FCA-signatura.png\",\"contentUrl\":\"https:\/\/sport.mutuacat.org\/wp-content\/uploads\/2025\/04\/FCA-signatura.png\",\"width\":940,\"height\":788,\"caption\":\"Merc\u00e8 Rosich, presidenta de la Federaci\u00f3 Catalana d\u2019Atletisme, i Leo Mart\u00ednez, adjunt a la Direcci\u00f3 General de Mutuacat mostren la carpeta amb l'acord.\"},{\"@type\":\"BreadcrumbList\",\"@id\":\"https:\/\/sport.mutuacat.org\/es\/actualidad\/mutuacat-y-la-federacion-catalana-de-atletismo-renuevan-su-alianza\/#breadcrumb\",\"itemListElement\":[{\"@type\":\"ListItem\",\"position\":1,\"name\":\"Inici\",\"item\":\"https:\/\/sport.mutuacat.org\/es\/\"},{\"@type\":\"ListItem\",\"position\":2,\"name\":\"Mutuacat y la Federaci\u00f3n Catalana de Atletismo renuevan su alianza\"}]},{\"@type\":\"WebSite\",\"@id\":\"https:\/\/sport.mutuacat.org\/es\/#website\",\"url\":\"https:\/\/sport.mutuacat.org\/es\/\",\"name\":\"Sport Mutuacat\",\"description\":\"Sport Mutuacat\",\"publisher\":{\"@id\":\"https:\/\/sport.mutuacat.org\/es\/#organization\"},\"potentialAction\":[{\"@type\":\"SearchAction\",\"target\":{\"@type\":\"EntryPoint\",\"urlTemplate\":\"https:\/\/sport.mutuacat.org\/es\/?s={search_term_string}\"},\"query-input\":{\"@type\":\"PropertyValueSpecification\",\"valueRequired\":true,\"valueName\":\"search_term_string\"}}],\"inLanguage\":\"es\"},{\"@type\":\"Organization\",\"@id\":\"https:\/\/sport.mutuacat.org\/es\/#organization\",\"name\":\"Sport Mutuacat\",\"url\":\"https:\/\/sport.mutuacat.org\/es\/\",\"logo\":{\"@type\":\"ImageObject\",\"inLanguage\":\"es\",\"@id\":\"https:\/\/sport.mutuacat.org\/es\/#\/schema\/logo\/image\/\",\"url\":\"https:\/\/sport.mutuacat.org\/wp-content\/uploads\/2023\/12\/LogotipMutuacat-06-.png\",\"contentUrl\":\"https:\/\/sport.mutuacat.org\/wp-content\/uploads\/2023\/12\/LogotipMutuacat-06-.png\",\"width\":4697,\"height\":4028,\"caption\":\"Sport Mutuacat\"},\"image\":{\"@id\":\"https:\/\/sport.mutuacat.org\/es\/#\/schema\/logo\/image\/\"},\"sameAs\":[\"https:\/\/www.facebook.com\/mutuacat\",\"https:\/\/es.linkedin.com\/company\/mutuacat\",\"https:\/\/www.instagram.com\/mutuacat\/\"],\"publishingPrinciples\":\"https:\/\/sport.mutuacat.org\/\"},{\"@type\":\"Person\",\"@id\":\"https:\/\/sport.mutuacat.org\/es\/#\/schema\/person\/2c97f69b13a8f9223fe94ede54339ee7\",\"name\":\"Elena\",\"image\":{\"@type\":\"ImageObject\",\"inLanguage\":\"es\",\"@id\":\"https:\/\/sport.mutuacat.org\/es\/#\/schema\/person\/image\/\",\"url\":\"https:\/\/secure.gravatar.com\/avatar\/f67efd2fecacf28188ce252664f32f593c31836eb02de4724743c99ca5e52dda?s=96&d=mm&r=g\",\"contentUrl\":\"https:\/\/secure.gravatar.com\/avatar\/f67efd2fecacf28188ce252664f32f593c31836eb02de4724743c99ca5e52dda?s=96&d=mm&r=g\",\"caption\":\"Elena\"}}]}<\/script>\n<!-- \/ Yoast SEO Premium plugin. -->","yoast_head_json":{"title":"La Federaci\u00f3n Catalana de Atletismo y Mutuacat","description":"La sede de la Federaci\u00f3n Catalana de Atletismo en Cornell\u00e0 de Llobregat acogi\u00f3 el acto de firma para renovar el patrocinio con Mutuacat","robots":{"index":"index","follow":"follow","max-snippet":"max-snippet:-1","max-image-preview":"max-image-preview:large","max-video-preview":"max-video-preview:-1"},"canonical":"https:\/\/sport.mutuacat.org\/es\/actualidad\/mutuacat-y-la-federacion-catalana-de-atletismo-renuevan-su-alianza\/","og_locale":"es_ES","og_type":"article","og_title":"Mutuacat y la Federaci\u00f3n Catalana de Atletismo renuevan su alianza","og_description":"La sede de la Federaci\u00f3n Catalana de Atletismo en Cornell\u00e0 de Llobregat acogi\u00f3 el acto de firma para renovar el patrocinio con Mutuacat","og_url":"https:\/\/sport.mutuacat.org\/es\/actualidad\/mutuacat-y-la-federacion-catalana-de-atletismo-renuevan-su-alianza\/","og_site_name":"Sport Mutuacat","article_publisher":"https:\/\/www.facebook.com\/mutuacat","article_published_time":"2025-04-03T08:30:20+00:00","article_modified_time":"2026-01-05T07:55:48+00:00","og_image":[{"width":940,"height":788,"url":"https:\/\/sport.mutuacat.org\/wp-content\/uploads\/2025\/04\/FCA-signatura.png","type":"image\/png"}],"author":"Elena","twitter_card":"summary_large_image","twitter_misc":{"Escrito por":"Elena","Tiempo de lectura":"4 minutos"},"schema":{"@context":"https:\/\/schema.org","@graph":[{"@type":"Article","@id":"https:\/\/sport.mutuacat.org\/es\/actualidad\/mutuacat-y-la-federacion-catalana-de-atletismo-renuevan-su-alianza\/#article","isPartOf":{"@id":"https:\/\/sport.mutuacat.org\/es\/actualidad\/mutuacat-y-la-federacion-catalana-de-atletismo-renuevan-su-alianza\/"},"author":{"name":"Elena","@id":"https:\/\/sport.mutuacat.org\/es\/#\/schema\/person\/2c97f69b13a8f9223fe94ede54339ee7"},"headline":"Mutuacat y la Federaci\u00f3n Catalana de Atletismo renuevan su alianza","datePublished":"2025-04-03T08:30:20+00:00","dateModified":"2026-01-05T07:55:48+00:00","mainEntityOfPage":{"@id":"https:\/\/sport.mutuacat.org\/es\/actualidad\/mutuacat-y-la-federacion-catalana-de-atletismo-renuevan-su-alianza\/"},"wordCount":553,"publisher":{"@id":"https:\/\/sport.mutuacat.org\/es\/#organization"},"image":{"@id":"https:\/\/sport.mutuacat.org\/es\/actualidad\/mutuacat-y-la-federacion-catalana-de-atletismo-renuevan-su-alianza\/#primaryimage"},"thumbnailUrl":"https:\/\/sport.mutuacat.org\/wp-content\/uploads\/2025\/04\/FCA-signatura.png","keywords":["Atletismo","FCA","federaciones deportivas","Seguros deportivos"],"articleSection":["Actualidad"],"inLanguage":"es"},{"@type":"WebPage","@id":"https:\/\/sport.mutuacat.org\/es\/actualidad\/mutuacat-y-la-federacion-catalana-de-atletismo-renuevan-su-alianza\/","url":"https:\/\/sport.mutuacat.org\/es\/actualidad\/mutuacat-y-la-federacion-catalana-de-atletismo-renuevan-su-alianza\/","name":"La Federaci\u00f3n Catalana de Atletismo y Mutuacat","isPartOf":{"@id":"https:\/\/sport.mutuacat.org\/es\/#website"},"primaryImageOfPage":{"@id":"https:\/\/sport.mutuacat.org\/es\/actualidad\/mutuacat-y-la-federacion-catalana-de-atletismo-renuevan-su-alianza\/#primaryimage"},"image":{"@id":"https:\/\/sport.mutuacat.org\/es\/actualidad\/mutuacat-y-la-federacion-catalana-de-atletismo-renuevan-su-alianza\/#primaryimage"},"thumbnailUrl":"https:\/\/sport.mutuacat.org\/wp-content\/uploads\/2025\/04\/FCA-signatura.png","datePublished":"2025-04-03T08:30:20+00:00","dateModified":"2026-01-05T07:55:48+00:00","description":"La sede de la Federaci\u00f3n Catalana de Atletismo en Cornell\u00e0 de Llobregat acogi\u00f3 el acto de firma para renovar el patrocinio con Mutuacat","breadcrumb":{"@id":"https:\/\/sport.mutuacat.org\/es\/actualidad\/mutuacat-y-la-federacion-catalana-de-atletismo-renuevan-su-alianza\/#breadcrumb"},"inLanguage":"es","potentialAction":[{"@type":"ReadAction","target":["https:\/\/sport.mutuacat.org\/es\/actualidad\/mutuacat-y-la-federacion-catalana-de-atletismo-renuevan-su-alianza\/"]}]},{"@type":"ImageObject","inLanguage":"es","@id":"https:\/\/sport.mutuacat.org\/es\/actualidad\/mutuacat-y-la-federacion-catalana-de-atletismo-renuevan-su-alianza\/#primaryimage","url":"https:\/\/sport.mutuacat.org\/wp-content\/uploads\/2025\/04\/FCA-signatura.png","contentUrl":"https:\/\/sport.mutuacat.org\/wp-content\/uploads\/2025\/04\/FCA-signatura.png","width":940,"height":788,"caption":"Merc\u00e8 Rosich, presidenta de la Federaci\u00f3 Catalana d\u2019Atletisme, i Leo Mart\u00ednez, adjunt a la Direcci\u00f3 General de Mutuacat mostren la carpeta amb l'acord."},{"@type":"BreadcrumbList","@id":"https:\/\/sport.mutuacat.org\/es\/actualidad\/mutuacat-y-la-federacion-catalana-de-atletismo-renuevan-su-alianza\/#breadcrumb","itemListElement":[{"@type":"ListItem","position":1,"name":"Inici","item":"https:\/\/sport.mutuacat.org\/es\/"},{"@type":"ListItem","position":2,"name":"Mutuacat y la Federaci\u00f3n Catalana de Atletismo renuevan su alianza"}]},{"@type":"WebSite","@id":"https:\/\/sport.mutuacat.org\/es\/#website","url":"https:\/\/sport.mutuacat.org\/es\/","name":"Sport Mutuacat","description":"Sport Mutuacat","publisher":{"@id":"https:\/\/sport.mutuacat.org\/es\/#organization"},"potentialAction":[{"@type":"SearchAction","target":{"@type":"EntryPoint","urlTemplate":"https:\/\/sport.mutuacat.org\/es\/?s={search_term_string}"},"query-input":{"@type":"PropertyValueSpecification","valueRequired":true,"valueName":"search_term_string"}}],"inLanguage":"es"},{"@type":"Organization","@id":"https:\/\/sport.mutuacat.org\/es\/#organization","name":"Sport Mutuacat","url":"https:\/\/sport.mutuacat.org\/es\/","logo":{"@type":"ImageObject","inLanguage":"es","@id":"https:\/\/sport.mutuacat.org\/es\/#\/schema\/logo\/image\/","url":"https:\/\/sport.mutuacat.org\/wp-content\/uploads\/2023\/12\/LogotipMutuacat-06-.png","contentUrl":"https:\/\/sport.mutuacat.org\/wp-content\/uploads\/2023\/12\/LogotipMutuacat-06-.png","width":4697,"height":4028,"caption":"Sport Mutuacat"},"image":{"@id":"https:\/\/sport.mutuacat.org\/es\/#\/schema\/logo\/image\/"},"sameAs":["https:\/\/www.facebook.com\/mutuacat","https:\/\/es.linkedin.com\/company\/mutuacat","https:\/\/www.instagram.com\/mutuacat\/"],"publishingPrinciples":"https:\/\/sport.mutuacat.org\/"},{"@type":"Person","@id":"https:\/\/sport.mutuacat.org\/es\/#\/schema\/person\/2c97f69b13a8f9223fe94ede54339ee7","name":"Elena","image":{"@type":"ImageObject","inLanguage":"es","@id":"https:\/\/sport.mutuacat.org\/es\/#\/schema\/person\/image\/","url":"https:\/\/secure.gravatar.com\/avatar\/f67efd2fecacf28188ce252664f32f593c31836eb02de4724743c99ca5e52dda?s=96&d=mm&r=g","contentUrl":"https:\/\/secure.gravatar.com\/avatar\/f67efd2fecacf28188ce252664f32f593c31836eb02de4724743c99ca5e52dda?s=96&d=mm&r=g","caption":"Elena"}}]}},"_links":{"self":[{"href":"https:\/\/sport.mutuacat.org\/es\/wp-json\/wp\/v2\/posts\/5279","targetHints":{"allow":["GET"]}}],"collection":[{"href":"https:\/\/sport.mutuacat.org\/es\/wp-json\/wp\/v2\/posts"}],"about":[{"href":"https:\/\/sport.mutuacat.org\/es\/wp-json\/wp\/v2\/types\/post"}],"author":[{"embeddable":true,"href":"https:\/\/sport.mutuacat.org\/es\/wp-json\/wp\/v2\/users\/4"}],"replies":[{"embeddable":true,"href":"https:\/\/sport.mutuacat.org\/es\/wp-json\/wp\/v2\/comments?post=5279"}],"version-history":[{"count":3,"href":"https:\/\/sport.mutuacat.org\/es\/wp-json\/wp\/v2\/posts\/5279\/revisions"}],"predecessor-version":[{"id":5847,"href":"https:\/\/sport.mutuacat.org\/es\/wp-json\/wp\/v2\/posts\/5279\/revisions\/5847"}],"wp:featuredmedia":[{"embeddable":true,"href":"https:\/\/sport.mutuacat.org\/es\/wp-json\/wp\/v2\/media\/5270"}],"wp:attachment":[{"href":"https:\/\/sport.mutuacat.org\/es\/wp-json\/wp\/v2\/media?parent=5279"}],"wp:term":[{"taxonomy":"category","embeddable":true,"href":"https:\/\/sport.mutuacat.org\/es\/wp-json\/wp\/v2\/categories?post=5279"},{"taxonomy":"post_tag","embeddable":true,"href":"https:\/\/sport.mutuacat.org\/es\/wp-json\/wp\/v2\/tags?post=5279"}],"curies":[{"name":"wp","href":"https:\/\/api.w.org\/{rel}","templated":true}]}}