{"id":4930,"date":"2025-02-27T16:24:02","date_gmt":"2025-02-27T15:24:02","guid":{"rendered":"http:\/\/test.sport.mutuacat.org\/mutuacat-y-la-federacion-catalana-de-rugby-10-anos-de-colaboracion\/"},"modified":"2025-03-21T09:58:55","modified_gmt":"2025-03-21T08:58:55","slug":"mutuacat-y-la-federacion-catalana-de-rugby-10-anos-de-colaboracion","status":"publish","type":"post","link":"https:\/\/sport.mutuacat.org\/es\/actualidad\/mutuacat-y-la-federacion-catalana-de-rugby-10-anos-de-colaboracion\/","title":{"rendered":"Mutuacat y la Federaci\u00f3n Catalana de Rugby, 10 a\u00f1os de colaboraci\u00f3n"},"content":{"rendered":"\t\t<div data-elementor-type=\"wp-post\" data-elementor-id=\"4930\" class=\"elementor elementor-4930 elementor-4880\" data-elementor-post-type=\"post\">\n\t\t\t\t\t\t<section class=\"elementor-section elementor-top-section elementor-element elementor-element-54b24a2 elementor-section-height-min-height elementor-section-boxed elementor-section-height-default elementor-section-items-middle\" data-id=\"54b24a2\" data-element_type=\"section\" data-e-type=\"section\" data-settings=\"{&quot;background_background&quot;:&quot;classic&quot;}\">\n\t\t\t\t\t\t\t<div class=\"elementor-background-overlay\"><\/div>\n\t\t\t\t\t\t\t<div class=\"elementor-container elementor-column-gap-default\">\n\t\t\t\t\t<div class=\"elementor-column elementor-col-100 elementor-top-column elementor-element elementor-element-72465b76\" data-id=\"72465b76\" data-element_type=\"column\" data-e-type=\"column\">\n\t\t\t<div class=\"elementor-widget-wrap elementor-element-populated\">\n\t\t\t\t\t\t<div class=\"elementor-element elementor-element-204aa193 de_scroll_animation_no elementor-invisible elementor-widget elementor-widget-heading\" data-id=\"204aa193\" data-element_type=\"widget\" data-e-type=\"widget\" data-settings=\"{&quot;_animation&quot;:&quot;fadeIn&quot;}\" data-widget_type=\"heading.default\">\n\t\t\t\t<div class=\"elementor-widget-container\">\n\t\t\t\t\t<h2 class=\"elementor-heading-title elementor-size-default\">Actualidad<\/h2>\t\t\t\t<\/div>\n\t\t\t\t<\/div>\n\t\t\t\t<div class=\"elementor-element elementor-element-27d2fe8d elementor-icon-list--layout-inline elementor-align-center elementor-list-item-link-full_width de_scroll_animation_no elementor-invisible elementor-widget elementor-widget-icon-list\" data-id=\"27d2fe8d\" data-element_type=\"widget\" data-e-type=\"widget\" data-settings=\"{&quot;_animation&quot;:&quot;fadeIn&quot;,&quot;_animation_delay&quot;:200}\" data-widget_type=\"icon-list.default\">\n\t\t\t\t<div class=\"elementor-widget-container\">\n\t\t\t\t\t\t\t<ul class=\"elementor-icon-list-items elementor-inline-items\">\n\t\t\t\t\t\t\t<li class=\"elementor-icon-list-item elementor-inline-item\">\n\t\t\t\t\t\t\t\t\t\t\t<a href=\"https:\/\/sport.mutuacat.org\/es\/\">\n\n\t\t\t\t\t\t\t\t\t\t\t<span class=\"elementor-icon-list-text\">Inicio<\/span>\n\t\t\t\t\t\t\t\t\t\t\t<\/a>\n\t\t\t\t\t\t\t\t\t<\/li>\n\t\t\t\t\t\t\t\t<li class=\"elementor-icon-list-item elementor-inline-item\">\n\t\t\t\t\t\t\t\t\t\t\t<span class=\"elementor-icon-list-icon\">\n\t\t\t\t\t\t\t<i aria-hidden=\"true\" class=\"icon icon-right-arrow1\"><\/i>\t\t\t\t\t\t<\/span>\n\t\t\t\t\t\t\t\t\t\t<span class=\"elementor-icon-list-text\">Noticias<\/span>\n\t\t\t\t\t\t\t\t\t<\/li>\n\t\t\t\t\t\t<\/ul>\n\t\t\t\t\t\t<\/div>\n\t\t\t\t<\/div>\n\t\t\t\t\t<\/div>\n\t\t<\/div>\n\t\t\t\t\t<\/div>\n\t\t<\/section>\n\t\t\t\t<section class=\"elementor-section elementor-top-section elementor-element elementor-element-3214ecdb elementor-section-boxed elementor-section-height-default elementor-section-height-default\" data-id=\"3214ecdb\" data-element_type=\"section\" data-e-type=\"section\">\n\t\t\t\t\t\t<div class=\"elementor-container elementor-column-gap-default\">\n\t\t\t\t\t<div class=\"elementor-column elementor-col-50 elementor-top-column elementor-element elementor-element-be213c8 elementor-invisible\" data-id=\"be213c8\" data-element_type=\"column\" data-e-type=\"column\" data-settings=\"{&quot;animation&quot;:&quot;fadeIn&quot;,&quot;animation_delay&quot;:200}\">\n\t\t\t<div class=\"elementor-widget-wrap elementor-element-populated\">\n\t\t\t\t\t\t<div class=\"elementor-element elementor-element-60fd4345 de_scroll_animation_no elementor-widget elementor-widget-post-featured-image\" data-id=\"60fd4345\" data-element_type=\"widget\" data-e-type=\"widget\" data-widget_type=\"post-featured-image.default\">\n\t\t\t\t<div class=\"elementor-widget-container\">\n\t\t\t\t\t<div class=\"press-elements-featured-image \"><img fetchpriority=\"high\" decoding=\"async\" width=\"1920\" height=\"2560\" src=\"https:\/\/sport.mutuacat.org\/wp-content\/uploads\/2025\/03\/20250225_FC-Rugby-scaled.jpg\" class=\"attachment-full size-full wp-post-image\" alt=\"Ignasi Riera, presidebt de la FC de Rugby i Leo Mart\u00ednez, adjunt a la Direcci\u00f3 General de Miutuacat\" srcset=\"https:\/\/sport.mutuacat.org\/wp-content\/uploads\/2025\/03\/20250225_FC-Rugby-scaled.jpg 1920w, https:\/\/sport.mutuacat.org\/wp-content\/uploads\/2025\/03\/20250225_FC-Rugby-225x300.jpg 225w, https:\/\/sport.mutuacat.org\/wp-content\/uploads\/2025\/03\/20250225_FC-Rugby-768x1024.jpg 768w, https:\/\/sport.mutuacat.org\/wp-content\/uploads\/2025\/03\/20250225_FC-Rugby-1152x1536.jpg 1152w, https:\/\/sport.mutuacat.org\/wp-content\/uploads\/2025\/03\/20250225_FC-Rugby-1536x2048.jpg 1536w\" sizes=\"(max-width: 1920px) 100vw, 1920px\" \/><\/div>\t\t\t\t<\/div>\n\t\t\t\t<\/div>\n\t\t\t\t<div class=\"elementor-element elementor-element-175ec1a7 elementor-widget__width-auto de_scroll_animation_no elementor-widget elementor-widget-post-date\" data-id=\"175ec1a7\" data-element_type=\"widget\" data-e-type=\"widget\" data-widget_type=\"post-date.default\">\n\t\t\t\t<div class=\"elementor-widget-container\">\n\t\t\t\t\t<p class=\"press-elements-date \">27\/02\/2025<\/p>\t\t\t\t<\/div>\n\t\t\t\t<\/div>\n\t\t\t\t<div class=\"elementor-element elementor-element-6850874d elementor-widget__width-auto de_scroll_animation_no elementor-widget elementor-widget-post-terms\" data-id=\"6850874d\" data-element_type=\"widget\" data-e-type=\"widget\" data-widget_type=\"post-terms.default\">\n\t\t\t\t<div class=\"elementor-widget-container\">\n\t\t\t\t\t<p class=\"press-elements-terms \">Actualitat<\/p>\t\t\t\t<\/div>\n\t\t\t\t<\/div>\n\t\t\t\t<div class=\"elementor-element elementor-element-51791133 de_scroll_animation_no elementor-widget elementor-widget-dt-post-title\" data-id=\"51791133\" data-element_type=\"widget\" data-e-type=\"widget\" data-widget_type=\"dt-post-title.default\">\n\t\t\t\t<div class=\"elementor-widget-container\">\n\t\t\t\t\t<h2 class=\"dt-post-title \">Mutuacat y la Federaci\u00f3n Catalana de Rugby, 10 a\u00f1os de colaboraci\u00f3n<\/h2>\t\t\t\t<\/div>\n\t\t\t\t<\/div>\n\t\t\t\t<div class=\"elementor-element elementor-element-5b0ab0b7 elementor-widget__width-initial de_scroll_animation_no elementor-widget elementor-widget-text-editor\" data-id=\"5b0ab0b7\" data-element_type=\"widget\" data-e-type=\"widget\" data-widget_type=\"text-editor.default\">\n\t\t\t\t<div class=\"elementor-widget-container\">\n\t\t\t\t\t\t\t\t\t<p>El pasado 25 de febrero, <strong>Ignasi Planas<\/strong>, presidente de la <a href=\"https:\/\/rugby.cat\/\">Federaci\u00f3n Catalana de Rugby<\/a>, y <strong>Leo Mart\u00ednez<\/strong>, adjunto a la Direcci\u00f3n General de <a href=\"https:\/\/www.sport.mutuacat.org\/es\/\">Mutuacat<\/a>, firmaron la renovaci\u00f3n del patrocinio. Este acuerdo reafirma el compromiso mutuo con la promoci\u00f3n de buenas pr\u00e1cticas deportivas y los h\u00e1bitos saludables. Adem\u00e1s, consolida una relaci\u00f3n de confianza que suma ya diez a\u00f1os de colaboraci\u00f3n. <\/p>\n<h4 class=\"wp-block-heading\">Diez a\u00f1os de confianza y especializaci\u00f3n<\/h4>\n<p>No es habitual que un acuerdo en seguros federativos se mantenga durante tanto tiempo, especialmente en un deporte de contacto intenso como el rugby. Sin embargo, Mutuacat ha demostrado su capacidad para ofrecer soluciones \u00e1giles y eficientes. Su experiencia en seguros deportivos de colectivos de alto impacto ha sido clave para garantizar una asistencia de calidad a sus jugadores.  <\/p>\n<p>As\u00ed, Mutuacat seguir\u00e1 siendo el <strong>partner m\u00e9dico oficial de la Federaci\u00f3 Catalana de Rugby<\/strong>. La entidad seguir\u00e1 ofreciendo cobertura m\u00e9dica a los deportistas y promoviendo un estilo de vida saludable. Adem\u00e1s, este patrocinio permitir\u00e1 impulsar iniciativas para fomentar la pr\u00e1ctica del rugby en todas sus edades. Asimismo, refuerza un modelo deportivo arraigado en el territorio y comprometido con sus valores.   <\/p>\n<h4 class=\"wp-block-heading\">Un servicio m\u00e9dico adaptado a las necesidades del rugby<\/h4>\n<p>La rapidez y eficiencia en la gesti\u00f3n de los siniestros son fundamentales para cualquier federaci\u00f3n deportiva. Por ello, Mutuacat ha optimizado sus procesos para garantizar una atenci\u00f3n \u00e1gil y personalizada. Su red de centros especializados en traumatolog\u00eda deportiva permite a los jugadores recibir precisos diagn\u00f3sticos y tratamientos adaptados a las exigencias de su disciplina.  <\/p>\n<p>Adem\u00e1s Mutuacat ofrece un seguro hecho a medida para la Federaci\u00f3n. Durante esta d\u00e9cada de colaboraci\u00f3n, la aseguradora ha ajustado sus p\u00f3lizas para adaptarlas a las necesidades reales de los federados. Esto ha garantizado coberturas completas y primas competitivas.  <\/p>\n<h4 class=\"wp-block-heading\">Transparencia y compromiso con la econom\u00eda social<\/h4>\n<p>Mutuacat no es una aseguradora tradicional. Como mutualidad de previsi\u00f3n social, opera bajo los principios de la econom\u00eda social y solidaria. Los beneficios no se reparten entre accionistas, sino que se reinvierten en mejorar los servicios a los mutualistas. Este modelo de gesti\u00f3n es uno de los motivos por los que la Federaci\u00f3n mantiene su confianza en Mutuacat.   <\/p>\n<p>Esta relaci\u00f3n de transparencia tambi\u00e9n se ve reflejada en la gesti\u00f3n de costes. La Federaci\u00f3n conoce los costes reales de los servicios prestados a sus federados, as\u00ed como el margen econ\u00f3mico que obtiene Mutuacat. Esto permite ajustar el precio de la p\u00f3liza en cada renovaci\u00f3n. Si hay p\u00e9rdidas, la prima puede incrementarse. Si existen excedentes, se puede reducir la cuota o aumentar el soporte deportivo.    <\/p>\n<p>Tambi\u00e9n se ha implementado un sistema de copago para jugadores y clubs. Este mecanismo ayuda a compensar los a\u00f1os con picos de gasto m\u00e9dico por encima de la media hist\u00f3rica. Gracias a este modelo, la satisfacci\u00f3n de los clubs y federados con Mutuacat ha sido muy superior a la registrada con anteriores aseguradoras.  <\/p>\n<h4 class=\"wp-block-heading\">Un reconocimiento a la buena gesti\u00f3n<\/h4>\n<p>Durante la firma, Leo Mart\u00ednez felicit\u00f3 a la Federaci\u00f3n por el <strong>Premio a la Mejor Gesti\u00f3n Federativa<\/strong> recibido en la <a href=\"https:\/\/festaesportcatala.cat\/\">Fiesta del Deporte Catal\u00e1n<\/a>. Este galard\u00f3n, otorgado por la UFEC, reconoce la labor del organismo en la promoci\u00f3n y gesti\u00f3n del rugby en Catalu\u00f1a. Adem\u00e1s, pone en valor su eficacia en la gesti\u00f3n del gasto m\u00e9dico de los federados.  <\/p>\n<h4 class=\"wp-block-heading\">Un futuro de compromiso con el deporte<\/h4>\n<p>Con esta renovaci\u00f3n, Mutuacat reafirma su apuesta por el deporte y la salud. No s\u00f3lo acompa\u00f1a a los deportistas en el campo, sino que tambi\u00e9n contribuye a su bienestar f\u00edsico. Por su parte, la Federaci\u00f3n se beneficia de un soporte m\u00e9dico de calidad, esencial para garantizar la seguridad de los jugadores.  <\/p>\n<p>Esta d\u00e9cada de colaboraci\u00f3n es s\u00f3lo el principio. Tanto Mutuacat como la Federaci\u00f3 continuar\u00e1n trabajando para impulsar el rugby, fomentar h\u00e1bitos saludables y fortalecer los valores del deporte. <\/p>\n\t\t\t\t\t\t\t\t<\/div>\n\t\t\t\t<\/div>\n\t\t\t\t<section class=\"elementor-section elementor-inner-section elementor-element elementor-element-35e7396e elementor-section-boxed elementor-section-height-default elementor-section-height-default\" data-id=\"35e7396e\" data-element_type=\"section\" data-e-type=\"section\">\n\t\t\t\t\t\t<div class=\"elementor-container elementor-column-gap-default\">\n\t\t\t\t\t<div class=\"elementor-column elementor-col-50 elementor-inner-column elementor-element elementor-element-18f0748a\" data-id=\"18f0748a\" data-element_type=\"column\" data-e-type=\"column\">\n\t\t\t<div class=\"elementor-widget-wrap elementor-element-populated\">\n\t\t\t\t\t\t<div class=\"elementor-element elementor-element-af119fe elementor-widget__width-auto de_scroll_animation_no elementor-widget elementor-widget-text-editor\" data-id=\"af119fe\" data-element_type=\"widget\" data-e-type=\"widget\" data-widget_type=\"text-editor.default\">\n\t\t\t\t<div class=\"elementor-widget-container\">\n\t\t\t\t\t\t\t\t\t<p>Etiquetas: <\/p>\n\t\t\t\t\t\t\t\t<\/div>\n\t\t\t\t<\/div>\n\t\t\t\t<div class=\"elementor-element elementor-element-5866a369 elementor-widget__width-auto de_scroll_animation_no elementor-widget elementor-widget-post-terms\" data-id=\"5866a369\" data-element_type=\"widget\" data-e-type=\"widget\" data-widget_type=\"post-terms.default\">\n\t\t\t\t<div class=\"elementor-widget-container\">\n\t\t\t\t\t<p class=\"press-elements-terms \">convenio, deporte, FC Rugby, patrocinio, rugby<\/p>\t\t\t\t<\/div>\n\t\t\t\t<\/div>\n\t\t\t\t\t<\/div>\n\t\t<\/div>\n\t\t\t\t<div class=\"elementor-column elementor-col-50 elementor-inner-column elementor-element elementor-element-48704b25\" data-id=\"48704b25\" data-element_type=\"column\" data-e-type=\"column\">\n\t\t\t<div class=\"elementor-widget-wrap\">\n\t\t\t\t\t\t\t<\/div>\n\t\t<\/div>\n\t\t\t\t\t<\/div>\n\t\t<\/section>\n\t\t\t\t\t<\/div>\n\t\t<\/div>\n\t\t\t\t<div class=\"elementor-column elementor-col-50 elementor-top-column elementor-element elementor-element-292a31c5 elementor-invisible\" data-id=\"292a31c5\" data-element_type=\"column\" data-e-type=\"column\" data-settings=\"{&quot;animation&quot;:&quot;fadeIn&quot;,&quot;animation_delay&quot;:400}\">\n\t\t\t<div class=\"elementor-widget-wrap elementor-element-populated\">\n\t\t\t\t\t\t<section class=\"elementor-section elementor-inner-section elementor-element elementor-element-6c816c7a elementor-section-boxed elementor-section-height-default elementor-section-height-default\" data-id=\"6c816c7a\" data-element_type=\"section\" data-e-type=\"section\">\n\t\t\t\t\t\t<div class=\"elementor-container elementor-column-gap-default\">\n\t\t\t\t\t<div class=\"elementor-column elementor-col-100 elementor-inner-column elementor-element elementor-element-696ac5c5\" data-id=\"696ac5c5\" data-element_type=\"column\" data-e-type=\"column\">\n\t\t\t<div class=\"elementor-widget-wrap elementor-element-populated\">\n\t\t\t\t\t\t<div class=\"elementor-element elementor-element-2187f478 de_scroll_animation_no elementor-widget elementor-widget-heading\" data-id=\"2187f478\" data-element_type=\"widget\" data-e-type=\"widget\" data-widget_type=\"heading.default\">\n\t\t\t\t<div class=\"elementor-widget-container\">\n\t\t\t\t\t<h3 class=\"elementor-heading-title elementor-size-default\">Qui\u00e9nes somos<\/h3>\t\t\t\t<\/div>\n\t\t\t\t<\/div>\n\t\t\t\t<div class=\"elementor-element elementor-element-4a2609f6 elementor-widget-divider--view-line de_scroll_animation_no elementor-widget elementor-widget-divider\" data-id=\"4a2609f6\" data-element_type=\"widget\" data-e-type=\"widget\" data-widget_type=\"divider.default\">\n\t\t\t\t<div class=\"elementor-widget-container\">\n\t\t\t\t\t\t\t<div class=\"elementor-divider\">\n\t\t\t<span class=\"elementor-divider-separator\">\n\t\t\t\t\t\t<\/span>\n\t\t<\/div>\n\t\t\t\t\t\t<\/div>\n\t\t\t\t<\/div>\n\t\t\t\t<div class=\"elementor-element elementor-element-6f233d77 de_scroll_animation_no elementor-widget elementor-widget-text-editor\" data-id=\"6f233d77\" data-element_type=\"widget\" data-e-type=\"widget\" data-widget_type=\"text-editor.default\">\n\t\t\t\t<div class=\"elementor-widget-container\">\n\t\t\t\t\t\t\t\t\t<p>\u00a1Somos la aseguradora del deporte!<\/p><p><span style=\"color: var( --e-global-color-text ); font-family: var( --e-global-typography-text-font-family ), Sans-serif; font-size: var( --e-global-typography-text-font-size ); font-weight: var( --e-global-typography-text-font-weight ); text-transform: var( --e-global-typography-text-text-transform );\">Cubrimos los accidentes deportivos de federaciones de todo el Estado, consejos deportivos, ligas de f\u00fatbol y baloncesto (no federado), gimnasios, piscinas, grupos deportivos, carreras populares.<\/span><\/p>\n<p>\u00a1Disfruta de la tranquilidad de confiar en una mutualidad \u00e9tica y cercana, que siempre estar\u00e1 a tu lado!<\/p>\t\t\t\t\t\t\t\t<\/div>\n\t\t\t\t<\/div>\n\t\t\t\t<div class=\"elementor-element elementor-element-7a63eca5 de_scroll_animation_no elementor-widget elementor-widget-elementskit-header-info\" data-id=\"7a63eca5\" data-element_type=\"widget\" data-e-type=\"widget\" data-widget_type=\"elementskit-header-info.default\">\n\t\t\t\t<div class=\"elementor-widget-container\">\n\t\t\t\t\t<div class=\"ekit-wid-con\" >        <ul class=\"ekit-header-info\">\n                                    <li>\n                            <a href=\"mailto:sport@mutuacat.org\" target=\"_blank\" rel=\"nofollow\"> \n                                                                https:\/\/sport.mutuacat.org\/es\/                            <\/a>\n                        <\/li>\n\n                            <\/ul>\n        <\/div>\t\t\t\t<\/div>\n\t\t\t\t<\/div>\n\t\t\t\t<div class=\"elementor-element elementor-element-2e099cf7 de_scroll_animation_no elementor-widget elementor-widget-elementskit-header-info\" data-id=\"2e099cf7\" data-element_type=\"widget\" data-e-type=\"widget\" data-widget_type=\"elementskit-header-info.default\">\n\t\t\t\t<div class=\"elementor-widget-container\">\n\t\t\t\t\t<div class=\"ekit-wid-con\" >        <ul class=\"ekit-header-info\">\n                                    <li>\n                            <a href=\"tel:902490480\" target=\"_blank\" rel=\"nofollow\"> \n                                                                902 490 480                            <\/a>\n                        <\/li>\n\n                            <\/ul>\n        <\/div>\t\t\t\t<\/div>\n\t\t\t\t<\/div>\n\t\t\t\t\t<\/div>\n\t\t<\/div>\n\t\t\t\t\t<\/div>\n\t\t<\/section>\n\t\t\t\t<section class=\"elementor-section elementor-inner-section elementor-element elementor-element-ef440ce elementor-section-boxed elementor-section-height-default elementor-section-height-default\" data-id=\"ef440ce\" data-element_type=\"section\" data-e-type=\"section\">\n\t\t\t\t\t\t<div class=\"elementor-container elementor-column-gap-default\">\n\t\t\t\t\t<div class=\"elementor-column elementor-col-100 elementor-inner-column elementor-element elementor-element-26b1c13\" data-id=\"26b1c13\" data-element_type=\"column\" data-e-type=\"column\">\n\t\t\t<div class=\"elementor-widget-wrap elementor-element-populated\">\n\t\t\t\t\t\t<div class=\"elementor-element elementor-element-373f3fea de_scroll_animation_no elementor-widget elementor-widget-heading\" data-id=\"373f3fea\" data-element_type=\"widget\" data-e-type=\"widget\" data-widget_type=\"heading.default\">\n\t\t\t\t<div class=\"elementor-widget-container\">\n\t\t\t\t\t<h3 class=\"elementor-heading-title elementor-size-default\">\u00daltimos art\u00edculos<\/h3>\t\t\t\t<\/div>\n\t\t\t\t<\/div>\n\t\t\t\t<div class=\"elementor-element elementor-element-60ecf52b elementor-widget-divider--view-line de_scroll_animation_no elementor-widget elementor-widget-divider\" data-id=\"60ecf52b\" data-element_type=\"widget\" data-e-type=\"widget\" data-widget_type=\"divider.default\">\n\t\t\t\t<div class=\"elementor-widget-container\">\n\t\t\t\t\t\t\t<div class=\"elementor-divider\">\n\t\t\t<span class=\"elementor-divider-separator\">\n\t\t\t\t\t\t<\/span>\n\t\t<\/div>\n\t\t\t\t\t\t<\/div>\n\t\t\t\t<\/div>\n\t\t\t\t<div class=\"elementor-element elementor-element-48db687e de_scroll_animation_no elementor-widget elementor-widget-elementskit-post-list\" data-id=\"48db687e\" data-element_type=\"widget\" data-e-type=\"widget\" data-widget_type=\"elementskit-post-list.default\">\n\t\t\t\t<div class=\"elementor-widget-container\">\n\t\t\t\t\t<div class=\"ekit-wid-con\" >\t\t<ul class=\"elementor-icon-list-items ekit-post-list-wrapper \">\n\t\t\t\t\t\t<li class=\"elementor-icon-list-item   \">\n\t\t\t\t<a href=\"https:\/\/sport.mutuacat.org\/es\/actualidad\/mutuacat-en-la-presentacion-de-esport-k\/\" >\n\t\t\t\t\t<img decoding=\"async\" width=\"300\" height=\"300\" src=\"https:\/\/sport.mutuacat.org\/wp-content\/uploads\/2026\/03\/Presentacio-Esport-K-300x300.jpeg\" class=\"attachment-medium size-medium wp-post-image\" alt=\"Leo Mart\u00ednes, de mutuacat entre Pitu Gonzalez i S\u00edlvia P\u00e9rez de l CEEB\" srcset=\"https:\/\/sport.mutuacat.org\/wp-content\/uploads\/2026\/03\/Presentacio-Esport-K-300x300.jpeg 300w, https:\/\/sport.mutuacat.org\/wp-content\/uploads\/2026\/03\/Presentacio-Esport-K-1024x1024.jpeg 1024w, https:\/\/sport.mutuacat.org\/wp-content\/uploads\/2026\/03\/Presentacio-Esport-K-150x150.jpeg 150w, https:\/\/sport.mutuacat.org\/wp-content\/uploads\/2026\/03\/Presentacio-Esport-K-768x768.jpeg 768w, https:\/\/sport.mutuacat.org\/wp-content\/uploads\/2026\/03\/Presentacio-Esport-K-1536x1536.jpeg 1536w, https:\/\/sport.mutuacat.org\/wp-content\/uploads\/2026\/03\/Presentacio-Esport-K.jpeg 2047w\" sizes=\"(max-width: 300px) 100vw, 300px\" \/>\t\t\t\t\t<div class=\"ekit_post_list_content_wraper\">\n\t\t\t\t\t\t\t\t\t\t\t\t\t\t\t\t\t\t<div class=\"meta-lists\">\n\t\t\t\t\t\t\t\t\t\t\t\t\t\t<span class=\"meta-date\">\n\n\t\t\t\t\t\t\t\t\n\t\t\t\t\t\t\t\t19 Feb 2026\t\t\t\t\t\t\t<\/span>\n\t\t\t\t\t\t\t\n\t\t\t\t\t\t\t\t\t\t\t\t\t<\/div>\n\t\t\t\t\t\t\n\t\t\t\t\t\t<span class=\"elementor-icon-list-text\">Mutuacat, en la presentaci\u00f3n de Esport K<\/span>\n\n\t\t\t\t\t\t\t\t\t\t\t<\/div>\n\t\t\t\t<\/a>\n\t\t\t<\/li>\n\t\t\t\t\t<li class=\"elementor-icon-list-item   \">\n\t\t\t\t<a href=\"https:\/\/sport.mutuacat.org\/es\/actualidad\/mutuacat-en-la-fiesta-del-deporte-catalan\/\" >\n\t\t\t\t\t<img decoding=\"async\" width=\"300\" height=\"251\" src=\"https:\/\/sport.mutuacat.org\/wp-content\/uploads\/2026\/01\/Festa-de-lEsport-Catala-Premi-millor-gestio-federativa-300x251.png\" class=\"attachment-medium size-medium wp-post-image\" alt=\"Festa de l&#039;Esport Catal\u00e0 -\" srcset=\"https:\/\/sport.mutuacat.org\/wp-content\/uploads\/2026\/01\/Festa-de-lEsport-Catala-Premi-millor-gestio-federativa-300x251.png 300w, https:\/\/sport.mutuacat.org\/wp-content\/uploads\/2026\/01\/Festa-de-lEsport-Catala-Premi-millor-gestio-federativa-768x644.png 768w, https:\/\/sport.mutuacat.org\/wp-content\/uploads\/2026\/01\/Festa-de-lEsport-Catala-Premi-millor-gestio-federativa.png 940w\" sizes=\"(max-width: 300px) 100vw, 300px\" \/>\t\t\t\t\t<div class=\"ekit_post_list_content_wraper\">\n\t\t\t\t\t\t\t\t\t\t\t\t\t\t\t\t\t\t<div class=\"meta-lists\">\n\t\t\t\t\t\t\t\t\t\t\t\t\t\t<span class=\"meta-date\">\n\n\t\t\t\t\t\t\t\t\n\t\t\t\t\t\t\t\t27 Ene 2026\t\t\t\t\t\t\t<\/span>\n\t\t\t\t\t\t\t\n\t\t\t\t\t\t\t\t\t\t\t\t\t<\/div>\n\t\t\t\t\t\t\n\t\t\t\t\t\t<span class=\"elementor-icon-list-text\">Mutuacat en la Fiesta del Deporte Catal\u00e1n<\/span>\n\n\t\t\t\t\t\t\t\t\t\t\t<\/div>\n\t\t\t\t<\/a>\n\t\t\t<\/li>\n\t\t\t\t\t<li class=\"elementor-icon-list-item   \">\n\t\t\t\t<a href=\"https:\/\/sport.mutuacat.org\/es\/actualidad\/miting-internacional-cataluna-atletismo\/\" >\n\t\t\t\t\t<img loading=\"lazy\" decoding=\"async\" width=\"300\" height=\"251\" src=\"https:\/\/sport.mutuacat.org\/wp-content\/uploads\/2026\/01\/Miting-Internacional-Catalunya-dAtletisme-300x251.png\" class=\"attachment-medium size-medium wp-post-image\" alt=\"M\u00edting Internacional Catalunya d&#039;atletisme- Un atleta mostra el trofeu que i ha lliurat Sergi Maci\u00e0, directorgeneral de Mutuacat\" srcset=\"https:\/\/sport.mutuacat.org\/wp-content\/uploads\/2026\/01\/Miting-Internacional-Catalunya-dAtletisme-300x251.png 300w, https:\/\/sport.mutuacat.org\/wp-content\/uploads\/2026\/01\/Miting-Internacional-Catalunya-dAtletisme-768x644.png 768w, https:\/\/sport.mutuacat.org\/wp-content\/uploads\/2026\/01\/Miting-Internacional-Catalunya-dAtletisme.png 940w\" sizes=\"(max-width: 300px) 100vw, 300px\" \/>\t\t\t\t\t<div class=\"ekit_post_list_content_wraper\">\n\t\t\t\t\t\t\t\t\t\t\t\t\t\t\t\t\t\t<div class=\"meta-lists\">\n\t\t\t\t\t\t\t\t\t\t\t\t\t\t<span class=\"meta-date\">\n\n\t\t\t\t\t\t\t\t\n\t\t\t\t\t\t\t\t26 Ene 2026\t\t\t\t\t\t\t<\/span>\n\t\t\t\t\t\t\t\n\t\t\t\t\t\t\t\t\t\t\t\t\t<\/div>\n\t\t\t\t\t\t\n\t\t\t\t\t\t<span class=\"elementor-icon-list-text\">Mutuacat reafirma su compromiso con el atletismo en la 11\u00aa edici\u00f3n del M\u00edting Internacional Catalu\u00f1a<\/span>\n\n\t\t\t\t\t\t\t\t\t\t\t<\/div>\n\t\t\t\t<\/a>\n\t\t\t<\/li>\n\t\t\t\t<\/ul>\n\t\t<\/div>\t\t\t\t<\/div>\n\t\t\t\t<\/div>\n\t\t\t\t\t<\/div>\n\t\t<\/div>\n\t\t\t\t\t<\/div>\n\t\t<\/section>\n\t\t\t\t<section class=\"elementor-section elementor-inner-section elementor-element elementor-element-1b96a88c elementor-section-boxed elementor-section-height-default elementor-section-height-default\" data-id=\"1b96a88c\" data-element_type=\"section\" data-e-type=\"section\" data-settings=\"{&quot;background_background&quot;:&quot;classic&quot;}\">\n\t\t\t\t\t\t\t<div class=\"elementor-background-overlay\"><\/div>\n\t\t\t\t\t\t\t<div class=\"elementor-container elementor-column-gap-default\">\n\t\t\t\t\t<div class=\"elementor-column elementor-col-100 elementor-inner-column elementor-element elementor-element-2ac2ecd2\" data-id=\"2ac2ecd2\" data-element_type=\"column\" data-e-type=\"column\">\n\t\t\t<div class=\"elementor-widget-wrap elementor-element-populated\">\n\t\t\t\t\t\t<div class=\"elementor-element elementor-element-553ec4ff de_scroll_animation_no elementor-widget elementor-widget-heading\" data-id=\"553ec4ff\" data-element_type=\"widget\" data-e-type=\"widget\" data-widget_type=\"heading.default\">\n\t\t\t\t<div class=\"elementor-widget-container\">\n\t\t\t\t\t<h3 class=\"elementor-heading-title elementor-size-default\">Contacto<\/h3>\t\t\t\t<\/div>\n\t\t\t\t<\/div>\n\t\t\t\t<div class=\"elementor-element elementor-element-7bd642eb elementor-widget-divider--view-line de_scroll_animation_no elementor-widget elementor-widget-divider\" data-id=\"7bd642eb\" data-element_type=\"widget\" data-e-type=\"widget\" data-widget_type=\"divider.default\">\n\t\t\t\t<div class=\"elementor-widget-container\">\n\t\t\t\t\t\t\t<div class=\"elementor-divider\">\n\t\t\t<span class=\"elementor-divider-separator\">\n\t\t\t\t\t\t<\/span>\n\t\t<\/div>\n\t\t\t\t\t\t<\/div>\n\t\t\t\t<\/div>\n\t\t\t\t<div class=\"elementor-element elementor-element-4a5839ec de_scroll_animation_no elementor-widget elementor-widget-text-editor\" data-id=\"4a5839ec\" data-element_type=\"widget\" data-e-type=\"widget\" data-widget_type=\"text-editor.default\">\n\t\t\t\t<div class=\"elementor-widget-container\">\n\t\t\t\t\t\t\t\t\t<p>\u00bfQuieres informaci\u00f3n sobre nuestros seguros deportivos y de ocio y tiempo libre?<\/p>\n\t\t\t\t\t\t\t\t<\/div>\n\t\t\t\t<\/div>\n\t\t\t\t<div class=\"elementor-element elementor-element-b394179 elementor-align-left de_scroll_animation_no elementor-widget elementor-widget-button\" data-id=\"b394179\" data-element_type=\"widget\" data-e-type=\"widget\" data-widget_type=\"button.default\">\n\t\t\t\t<div class=\"elementor-widget-container\">\n\t\t\t\t\t\t\t\t\t<div class=\"elementor-button-wrapper\">\n\t\t\t\t\t<a class=\"elementor-button elementor-button-link elementor-size-sm\" href=\"\/es\/contacto\/\">\n\t\t\t\t\t\t<span class=\"elementor-button-content-wrapper\">\n\t\t\t\t\t\t<span class=\"elementor-button-icon\">\n\t\t\t\t<i aria-hidden=\"true\" class=\"icon icon-comment1\"><\/i>\t\t\t<\/span>\n\t\t\t\t\t\t\t\t\t<span class=\"elementor-button-text\">M\u00e1ndanos un mensaje<\/span>\n\t\t\t\t\t<\/span>\n\t\t\t\t\t<\/a>\n\t\t\t\t<\/div>\n\t\t\t\t\t\t\t\t<\/div>\n\t\t\t\t<\/div>\n\t\t\t\t\t<\/div>\n\t\t<\/div>\n\t\t\t\t\t<\/div>\n\t\t<\/section>\n\t\t\t\t\t<\/div>\n\t\t<\/div>\n\t\t\t\t\t<\/div>\n\t\t<\/section>\n\t\t\t\t<section class=\"elementor-section elementor-top-section elementor-element elementor-element-710391e0 elementor-hidden-desktop elementor-hidden-tablet elementor-hidden-mobile elementor-section-boxed elementor-section-height-default elementor-section-height-default\" data-id=\"710391e0\" data-element_type=\"section\" data-e-type=\"section\" data-settings=\"{&quot;background_background&quot;:&quot;classic&quot;}\">\n\t\t\t\t\t\t<div class=\"elementor-container elementor-column-gap-default\">\n\t\t\t\t\t<div class=\"elementor-column elementor-col-100 elementor-top-column elementor-element elementor-element-4b106e08\" data-id=\"4b106e08\" data-element_type=\"column\" data-e-type=\"column\">\n\t\t\t<div class=\"elementor-widget-wrap elementor-element-populated\">\n\t\t\t\t\t\t<div class=\"elementor-element elementor-element-68669488 de_scroll_animation_no elementor-invisible elementor-widget elementor-widget-text-editor\" data-id=\"68669488\" data-element_type=\"widget\" data-e-type=\"widget\" data-settings=\"{&quot;_animation&quot;:&quot;fadeIn&quot;}\" data-widget_type=\"text-editor.default\">\n\t\t\t\t<div class=\"elementor-widget-container\">\n\t\t\t\t\t\t\t\t\t<p>Noticias<\/p>\n\t\t\t\t\t\t\t\t<\/div>\n\t\t\t\t<\/div>\n\t\t\t\t<div class=\"elementor-element elementor-element-70a5c62 de_scroll_animation_no elementor-invisible elementor-widget elementor-widget-heading\" data-id=\"70a5c62\" data-element_type=\"widget\" data-e-type=\"widget\" data-settings=\"{&quot;_animation&quot;:&quot;fadeIn&quot;,&quot;_animation_delay&quot;:200}\" data-widget_type=\"heading.default\">\n\t\t\t\t<div class=\"elementor-widget-container\">\n\t\t\t\t\t<h2 class=\"elementor-heading-title elementor-size-default\">Subscribe to our newsletter<\/h2>\t\t\t\t<\/div>\n\t\t\t\t<\/div>\n\t\t\t\t<div class=\"elementor-element elementor-element-60353ecd ekit_wpForms_container-form-button-custom de_scroll_animation_no elementor-invisible elementor-widget elementor-widget-elementskit-wp-forms\" data-id=\"60353ecd\" data-element_type=\"widget\" data-e-type=\"widget\" data-settings=\"{&quot;_animation&quot;:&quot;fadeIn&quot;,&quot;_animation_delay&quot;:400}\" data-widget_type=\"elementskit-wp-forms.default\">\n\t\t\t\t<div class=\"elementor-widget-container\">\n\t\t\t\t\t<div class=\"ekit-wid-con ekit_wpForms_container\">[wpforms id=\"468\"]<\/div>\t\t\t\t<\/div>\n\t\t\t\t<\/div>\n\t\t\t\t\t<\/div>\n\t\t<\/div>\n\t\t\t\t\t<\/div>\n\t\t<\/section>\n\t\t\t\t<\/div>\n\t\t","protected":false},"excerpt":{"rendered":"<p>El pasado 25 de febrero, Ignasi Planas, presidente de la Federaci\u00f3n Catalana de Rugby, y Leo Mart\u00ednez, adjunto a la Direcci\u00f3n General de Mutuacat, firmaron la renovaci\u00f3n del patrocinio.<\/p>\n","protected":false},"author":4,"featured_media":4885,"comment_status":"closed","ping_status":"closed","sticky":false,"template":"","format":"standard","meta":{"footnotes":""},"categories":[43],"tags":[142,71,144,132,143],"class_list":["post-4930","post","type-post","status-publish","format-standard","has-post-thumbnail","hentry","category-actualitat","tag-convenio","tag-deporte","tag-fc-rugby-es","tag-patrocinio","tag-rugby"],"yoast_head":"<!-- This site is optimized with the Yoast SEO Premium plugin v23.6 (Yoast SEO v26.9) - https:\/\/yoast.com\/product\/yoast-seo-premium-wordpress\/ -->\n<title>Mutuacat y la Federaci\u00f3n Catalana de Rugby<\/title>\n<meta name=\"description\" content=\"La Federaci\u00f3n Catalana de Rugby y Mutuacat firmaron la renovaci\u00f3n del convenio para promocionar buenas pr\u00e1cticas deportivas.\" \/>\n<meta name=\"robots\" content=\"index, follow, max-snippet:-1, max-image-preview:large, max-video-preview:-1\" \/>\n<link rel=\"canonical\" href=\"https:\/\/sport.mutuacat.org\/es\/actualidad\/mutuacat-y-la-federacion-catalana-de-rugby-10-anos-de-colaboracion\/\" \/>\n<meta property=\"og:locale\" content=\"es_ES\" \/>\n<meta property=\"og:type\" content=\"article\" \/>\n<meta property=\"og:title\" content=\"Mutuacat y la Federaci\u00f3n Catalana de Rugby, 10 a\u00f1os de colaboraci\u00f3n\" \/>\n<meta property=\"og:description\" content=\"La Federaci\u00f3n Catalana de Rugby y Mutuacat firmaron la renovaci\u00f3n del convenio para promocionar buenas pr\u00e1cticas deportivas.\" \/>\n<meta property=\"og:url\" content=\"https:\/\/sport.mutuacat.org\/es\/actualidad\/mutuacat-y-la-federacion-catalana-de-rugby-10-anos-de-colaboracion\/\" \/>\n<meta property=\"og:site_name\" content=\"Sport Mutuacat\" \/>\n<meta property=\"article:publisher\" content=\"https:\/\/www.facebook.com\/mutuacat\" \/>\n<meta property=\"article:published_time\" content=\"2025-02-27T15:24:02+00:00\" \/>\n<meta property=\"article:modified_time\" content=\"2025-03-21T08:58:55+00:00\" \/>\n<meta property=\"og:image\" content=\"https:\/\/sport.mutuacat.org\/wp-content\/uploads\/2025\/03\/20250225_FC-Rugby-scaled.jpg\" \/>\n\t<meta property=\"og:image:width\" content=\"1920\" \/>\n\t<meta property=\"og:image:height\" content=\"2560\" \/>\n\t<meta property=\"og:image:type\" content=\"image\/jpeg\" \/>\n<meta name=\"author\" content=\"Elena\" \/>\n<meta name=\"twitter:card\" content=\"summary_large_image\" \/>\n<meta name=\"twitter:label1\" content=\"Escrito por\" \/>\n\t<meta name=\"twitter:data1\" content=\"Elena\" \/>\n\t<meta name=\"twitter:label2\" content=\"Tiempo de lectura\" \/>\n\t<meta name=\"twitter:data2\" content=\"5 minutos\" \/>\n<script type=\"application\/ld+json\" class=\"yoast-schema-graph\">{\"@context\":\"https:\/\/schema.org\",\"@graph\":[{\"@type\":\"Article\",\"@id\":\"https:\/\/sport.mutuacat.org\/es\/actualidad\/mutuacat-y-la-federacion-catalana-de-rugby-10-anos-de-colaboracion\/#article\",\"isPartOf\":{\"@id\":\"https:\/\/sport.mutuacat.org\/es\/actualidad\/mutuacat-y-la-federacion-catalana-de-rugby-10-anos-de-colaboracion\/\"},\"author\":{\"name\":\"Elena\",\"@id\":\"https:\/\/sport.mutuacat.org\/es\/#\/schema\/person\/2c97f69b13a8f9223fe94ede54339ee7\"},\"headline\":\"Mutuacat y la Federaci\u00f3n Catalana de Rugby, 10 a\u00f1os de colaboraci\u00f3n\",\"datePublished\":\"2025-02-27T15:24:02+00:00\",\"dateModified\":\"2025-03-21T08:58:55+00:00\",\"mainEntityOfPage\":{\"@id\":\"https:\/\/sport.mutuacat.org\/es\/actualidad\/mutuacat-y-la-federacion-catalana-de-rugby-10-anos-de-colaboracion\/\"},\"wordCount\":841,\"publisher\":{\"@id\":\"https:\/\/sport.mutuacat.org\/es\/#organization\"},\"image\":{\"@id\":\"https:\/\/sport.mutuacat.org\/es\/actualidad\/mutuacat-y-la-federacion-catalana-de-rugby-10-anos-de-colaboracion\/#primaryimage\"},\"thumbnailUrl\":\"https:\/\/sport.mutuacat.org\/wp-content\/uploads\/2025\/03\/20250225_FC-Rugby-scaled.jpg\",\"keywords\":[\"convenio\",\"deporte\",\"FC Rugby\",\"patrocinio\",\"rugby\"],\"articleSection\":[\"Actualitat\"],\"inLanguage\":\"es\"},{\"@type\":\"WebPage\",\"@id\":\"https:\/\/sport.mutuacat.org\/es\/actualidad\/mutuacat-y-la-federacion-catalana-de-rugby-10-anos-de-colaboracion\/\",\"url\":\"https:\/\/sport.mutuacat.org\/es\/actualidad\/mutuacat-y-la-federacion-catalana-de-rugby-10-anos-de-colaboracion\/\",\"name\":\"Mutuacat y la Federaci\u00f3n Catalana de Rugby\",\"isPartOf\":{\"@id\":\"https:\/\/sport.mutuacat.org\/es\/#website\"},\"primaryImageOfPage\":{\"@id\":\"https:\/\/sport.mutuacat.org\/es\/actualidad\/mutuacat-y-la-federacion-catalana-de-rugby-10-anos-de-colaboracion\/#primaryimage\"},\"image\":{\"@id\":\"https:\/\/sport.mutuacat.org\/es\/actualidad\/mutuacat-y-la-federacion-catalana-de-rugby-10-anos-de-colaboracion\/#primaryimage\"},\"thumbnailUrl\":\"https:\/\/sport.mutuacat.org\/wp-content\/uploads\/2025\/03\/20250225_FC-Rugby-scaled.jpg\",\"datePublished\":\"2025-02-27T15:24:02+00:00\",\"dateModified\":\"2025-03-21T08:58:55+00:00\",\"description\":\"La Federaci\u00f3n Catalana de Rugby y Mutuacat firmaron la renovaci\u00f3n del convenio para promocionar buenas pr\u00e1cticas deportivas.\",\"breadcrumb\":{\"@id\":\"https:\/\/sport.mutuacat.org\/es\/actualidad\/mutuacat-y-la-federacion-catalana-de-rugby-10-anos-de-colaboracion\/#breadcrumb\"},\"inLanguage\":\"es\",\"potentialAction\":[{\"@type\":\"ReadAction\",\"target\":[\"https:\/\/sport.mutuacat.org\/es\/actualidad\/mutuacat-y-la-federacion-catalana-de-rugby-10-anos-de-colaboracion\/\"]}]},{\"@type\":\"ImageObject\",\"inLanguage\":\"es\",\"@id\":\"https:\/\/sport.mutuacat.org\/es\/actualidad\/mutuacat-y-la-federacion-catalana-de-rugby-10-anos-de-colaboracion\/#primaryimage\",\"url\":\"https:\/\/sport.mutuacat.org\/wp-content\/uploads\/2025\/03\/20250225_FC-Rugby-scaled.jpg\",\"contentUrl\":\"https:\/\/sport.mutuacat.org\/wp-content\/uploads\/2025\/03\/20250225_FC-Rugby-scaled.jpg\",\"width\":1920,\"height\":2560,\"caption\":\"Ignasi Riera, presidebt de la FC de Rugby i Leo Mart\u00ednez, adjunt a la Direcci\u00f3 General de Miutuacat\"},{\"@type\":\"BreadcrumbList\",\"@id\":\"https:\/\/sport.mutuacat.org\/es\/actualidad\/mutuacat-y-la-federacion-catalana-de-rugby-10-anos-de-colaboracion\/#breadcrumb\",\"itemListElement\":[{\"@type\":\"ListItem\",\"position\":1,\"name\":\"Inici\",\"item\":\"https:\/\/sport.mutuacat.org\/es\/\"},{\"@type\":\"ListItem\",\"position\":2,\"name\":\"Mutuacat y la Federaci\u00f3n Catalana de Rugby, 10 a\u00f1os de colaboraci\u00f3n\"}]},{\"@type\":\"WebSite\",\"@id\":\"https:\/\/sport.mutuacat.org\/es\/#website\",\"url\":\"https:\/\/sport.mutuacat.org\/es\/\",\"name\":\"Sport Mutuacat\",\"description\":\"Sport Mutuacat\",\"publisher\":{\"@id\":\"https:\/\/sport.mutuacat.org\/es\/#organization\"},\"potentialAction\":[{\"@type\":\"SearchAction\",\"target\":{\"@type\":\"EntryPoint\",\"urlTemplate\":\"https:\/\/sport.mutuacat.org\/es\/?s={search_term_string}\"},\"query-input\":{\"@type\":\"PropertyValueSpecification\",\"valueRequired\":true,\"valueName\":\"search_term_string\"}}],\"inLanguage\":\"es\"},{\"@type\":\"Organization\",\"@id\":\"https:\/\/sport.mutuacat.org\/es\/#organization\",\"name\":\"Sport Mutuacat\",\"url\":\"https:\/\/sport.mutuacat.org\/es\/\",\"logo\":{\"@type\":\"ImageObject\",\"inLanguage\":\"es\",\"@id\":\"https:\/\/sport.mutuacat.org\/es\/#\/schema\/logo\/image\/\",\"url\":\"https:\/\/sport.mutuacat.org\/wp-content\/uploads\/2023\/12\/LogotipMutuacat-06-.png\",\"contentUrl\":\"https:\/\/sport.mutuacat.org\/wp-content\/uploads\/2023\/12\/LogotipMutuacat-06-.png\",\"width\":4697,\"height\":4028,\"caption\":\"Sport Mutuacat\"},\"image\":{\"@id\":\"https:\/\/sport.mutuacat.org\/es\/#\/schema\/logo\/image\/\"},\"sameAs\":[\"https:\/\/www.facebook.com\/mutuacat\",\"https:\/\/es.linkedin.com\/company\/mutuacat\",\"https:\/\/www.instagram.com\/mutuacat\/\"],\"publishingPrinciples\":\"https:\/\/sport.mutuacat.org\/\"},{\"@type\":\"Person\",\"@id\":\"https:\/\/sport.mutuacat.org\/es\/#\/schema\/person\/2c97f69b13a8f9223fe94ede54339ee7\",\"name\":\"Elena\",\"image\":{\"@type\":\"ImageObject\",\"inLanguage\":\"es\",\"@id\":\"https:\/\/sport.mutuacat.org\/es\/#\/schema\/person\/image\/\",\"url\":\"https:\/\/secure.gravatar.com\/avatar\/f67efd2fecacf28188ce252664f32f593c31836eb02de4724743c99ca5e52dda?s=96&d=mm&r=g\",\"contentUrl\":\"https:\/\/secure.gravatar.com\/avatar\/f67efd2fecacf28188ce252664f32f593c31836eb02de4724743c99ca5e52dda?s=96&d=mm&r=g\",\"caption\":\"Elena\"}}]}<\/script>\n<!-- \/ Yoast SEO Premium plugin. -->","yoast_head_json":{"title":"Mutuacat y la Federaci\u00f3n Catalana de Rugby","description":"La Federaci\u00f3n Catalana de Rugby y Mutuacat firmaron la renovaci\u00f3n del convenio para promocionar buenas pr\u00e1cticas deportivas.","robots":{"index":"index","follow":"follow","max-snippet":"max-snippet:-1","max-image-preview":"max-image-preview:large","max-video-preview":"max-video-preview:-1"},"canonical":"https:\/\/sport.mutuacat.org\/es\/actualidad\/mutuacat-y-la-federacion-catalana-de-rugby-10-anos-de-colaboracion\/","og_locale":"es_ES","og_type":"article","og_title":"Mutuacat y la Federaci\u00f3n Catalana de Rugby, 10 a\u00f1os de colaboraci\u00f3n","og_description":"La Federaci\u00f3n Catalana de Rugby y Mutuacat firmaron la renovaci\u00f3n del convenio para promocionar buenas pr\u00e1cticas deportivas.","og_url":"https:\/\/sport.mutuacat.org\/es\/actualidad\/mutuacat-y-la-federacion-catalana-de-rugby-10-anos-de-colaboracion\/","og_site_name":"Sport Mutuacat","article_publisher":"https:\/\/www.facebook.com\/mutuacat","article_published_time":"2025-02-27T15:24:02+00:00","article_modified_time":"2025-03-21T08:58:55+00:00","og_image":[{"width":1920,"height":2560,"url":"https:\/\/sport.mutuacat.org\/wp-content\/uploads\/2025\/03\/20250225_FC-Rugby-scaled.jpg","type":"image\/jpeg"}],"author":"Elena","twitter_card":"summary_large_image","twitter_misc":{"Escrito por":"Elena","Tiempo de lectura":"5 minutos"},"schema":{"@context":"https:\/\/schema.org","@graph":[{"@type":"Article","@id":"https:\/\/sport.mutuacat.org\/es\/actualidad\/mutuacat-y-la-federacion-catalana-de-rugby-10-anos-de-colaboracion\/#article","isPartOf":{"@id":"https:\/\/sport.mutuacat.org\/es\/actualidad\/mutuacat-y-la-federacion-catalana-de-rugby-10-anos-de-colaboracion\/"},"author":{"name":"Elena","@id":"https:\/\/sport.mutuacat.org\/es\/#\/schema\/person\/2c97f69b13a8f9223fe94ede54339ee7"},"headline":"Mutuacat y la Federaci\u00f3n Catalana de Rugby, 10 a\u00f1os de colaboraci\u00f3n","datePublished":"2025-02-27T15:24:02+00:00","dateModified":"2025-03-21T08:58:55+00:00","mainEntityOfPage":{"@id":"https:\/\/sport.mutuacat.org\/es\/actualidad\/mutuacat-y-la-federacion-catalana-de-rugby-10-anos-de-colaboracion\/"},"wordCount":841,"publisher":{"@id":"https:\/\/sport.mutuacat.org\/es\/#organization"},"image":{"@id":"https:\/\/sport.mutuacat.org\/es\/actualidad\/mutuacat-y-la-federacion-catalana-de-rugby-10-anos-de-colaboracion\/#primaryimage"},"thumbnailUrl":"https:\/\/sport.mutuacat.org\/wp-content\/uploads\/2025\/03\/20250225_FC-Rugby-scaled.jpg","keywords":["convenio","deporte","FC Rugby","patrocinio","rugby"],"articleSection":["Actualitat"],"inLanguage":"es"},{"@type":"WebPage","@id":"https:\/\/sport.mutuacat.org\/es\/actualidad\/mutuacat-y-la-federacion-catalana-de-rugby-10-anos-de-colaboracion\/","url":"https:\/\/sport.mutuacat.org\/es\/actualidad\/mutuacat-y-la-federacion-catalana-de-rugby-10-anos-de-colaboracion\/","name":"Mutuacat y la Federaci\u00f3n Catalana de Rugby","isPartOf":{"@id":"https:\/\/sport.mutuacat.org\/es\/#website"},"primaryImageOfPage":{"@id":"https:\/\/sport.mutuacat.org\/es\/actualidad\/mutuacat-y-la-federacion-catalana-de-rugby-10-anos-de-colaboracion\/#primaryimage"},"image":{"@id":"https:\/\/sport.mutuacat.org\/es\/actualidad\/mutuacat-y-la-federacion-catalana-de-rugby-10-anos-de-colaboracion\/#primaryimage"},"thumbnailUrl":"https:\/\/sport.mutuacat.org\/wp-content\/uploads\/2025\/03\/20250225_FC-Rugby-scaled.jpg","datePublished":"2025-02-27T15:24:02+00:00","dateModified":"2025-03-21T08:58:55+00:00","description":"La Federaci\u00f3n Catalana de Rugby y Mutuacat firmaron la renovaci\u00f3n del convenio para promocionar buenas pr\u00e1cticas deportivas.","breadcrumb":{"@id":"https:\/\/sport.mutuacat.org\/es\/actualidad\/mutuacat-y-la-federacion-catalana-de-rugby-10-anos-de-colaboracion\/#breadcrumb"},"inLanguage":"es","potentialAction":[{"@type":"ReadAction","target":["https:\/\/sport.mutuacat.org\/es\/actualidad\/mutuacat-y-la-federacion-catalana-de-rugby-10-anos-de-colaboracion\/"]}]},{"@type":"ImageObject","inLanguage":"es","@id":"https:\/\/sport.mutuacat.org\/es\/actualidad\/mutuacat-y-la-federacion-catalana-de-rugby-10-anos-de-colaboracion\/#primaryimage","url":"https:\/\/sport.mutuacat.org\/wp-content\/uploads\/2025\/03\/20250225_FC-Rugby-scaled.jpg","contentUrl":"https:\/\/sport.mutuacat.org\/wp-content\/uploads\/2025\/03\/20250225_FC-Rugby-scaled.jpg","width":1920,"height":2560,"caption":"Ignasi Riera, presidebt de la FC de Rugby i Leo Mart\u00ednez, adjunt a la Direcci\u00f3 General de Miutuacat"},{"@type":"BreadcrumbList","@id":"https:\/\/sport.mutuacat.org\/es\/actualidad\/mutuacat-y-la-federacion-catalana-de-rugby-10-anos-de-colaboracion\/#breadcrumb","itemListElement":[{"@type":"ListItem","position":1,"name":"Inici","item":"https:\/\/sport.mutuacat.org\/es\/"},{"@type":"ListItem","position":2,"name":"Mutuacat y la Federaci\u00f3n Catalana de Rugby, 10 a\u00f1os de colaboraci\u00f3n"}]},{"@type":"WebSite","@id":"https:\/\/sport.mutuacat.org\/es\/#website","url":"https:\/\/sport.mutuacat.org\/es\/","name":"Sport Mutuacat","description":"Sport Mutuacat","publisher":{"@id":"https:\/\/sport.mutuacat.org\/es\/#organization"},"potentialAction":[{"@type":"SearchAction","target":{"@type":"EntryPoint","urlTemplate":"https:\/\/sport.mutuacat.org\/es\/?s={search_term_string}"},"query-input":{"@type":"PropertyValueSpecification","valueRequired":true,"valueName":"search_term_string"}}],"inLanguage":"es"},{"@type":"Organization","@id":"https:\/\/sport.mutuacat.org\/es\/#organization","name":"Sport Mutuacat","url":"https:\/\/sport.mutuacat.org\/es\/","logo":{"@type":"ImageObject","inLanguage":"es","@id":"https:\/\/sport.mutuacat.org\/es\/#\/schema\/logo\/image\/","url":"https:\/\/sport.mutuacat.org\/wp-content\/uploads\/2023\/12\/LogotipMutuacat-06-.png","contentUrl":"https:\/\/sport.mutuacat.org\/wp-content\/uploads\/2023\/12\/LogotipMutuacat-06-.png","width":4697,"height":4028,"caption":"Sport Mutuacat"},"image":{"@id":"https:\/\/sport.mutuacat.org\/es\/#\/schema\/logo\/image\/"},"sameAs":["https:\/\/www.facebook.com\/mutuacat","https:\/\/es.linkedin.com\/company\/mutuacat","https:\/\/www.instagram.com\/mutuacat\/"],"publishingPrinciples":"https:\/\/sport.mutuacat.org\/"},{"@type":"Person","@id":"https:\/\/sport.mutuacat.org\/es\/#\/schema\/person\/2c97f69b13a8f9223fe94ede54339ee7","name":"Elena","image":{"@type":"ImageObject","inLanguage":"es","@id":"https:\/\/sport.mutuacat.org\/es\/#\/schema\/person\/image\/","url":"https:\/\/secure.gravatar.com\/avatar\/f67efd2fecacf28188ce252664f32f593c31836eb02de4724743c99ca5e52dda?s=96&d=mm&r=g","contentUrl":"https:\/\/secure.gravatar.com\/avatar\/f67efd2fecacf28188ce252664f32f593c31836eb02de4724743c99ca5e52dda?s=96&d=mm&r=g","caption":"Elena"}}]}},"_links":{"self":[{"href":"https:\/\/sport.mutuacat.org\/es\/wp-json\/wp\/v2\/posts\/4930","targetHints":{"allow":["GET"]}}],"collection":[{"href":"https:\/\/sport.mutuacat.org\/es\/wp-json\/wp\/v2\/posts"}],"about":[{"href":"https:\/\/sport.mutuacat.org\/es\/wp-json\/wp\/v2\/types\/post"}],"author":[{"embeddable":true,"href":"https:\/\/sport.mutuacat.org\/es\/wp-json\/wp\/v2\/users\/4"}],"replies":[{"embeddable":true,"href":"https:\/\/sport.mutuacat.org\/es\/wp-json\/wp\/v2\/comments?post=4930"}],"version-history":[{"count":5,"href":"https:\/\/sport.mutuacat.org\/es\/wp-json\/wp\/v2\/posts\/4930\/revisions"}],"predecessor-version":[{"id":5096,"href":"https:\/\/sport.mutuacat.org\/es\/wp-json\/wp\/v2\/posts\/4930\/revisions\/5096"}],"wp:featuredmedia":[{"embeddable":true,"href":"https:\/\/sport.mutuacat.org\/es\/wp-json\/wp\/v2\/media\/4885"}],"wp:attachment":[{"href":"https:\/\/sport.mutuacat.org\/es\/wp-json\/wp\/v2\/media?parent=4930"}],"wp:term":[{"taxonomy":"category","embeddable":true,"href":"https:\/\/sport.mutuacat.org\/es\/wp-json\/wp\/v2\/categories?post=4930"},{"taxonomy":"post_tag","embeddable":true,"href":"https:\/\/sport.mutuacat.org\/es\/wp-json\/wp\/v2\/tags?post=4930"}],"curies":[{"name":"wp","href":"https:\/\/api.w.org\/{rel}","templated":true}]}}