{"id":4926,"date":"2025-02-20T15:30:37","date_gmt":"2025-02-20T14:30:37","guid":{"rendered":"http:\/\/test.sport.mutuacat.org\/un-ano-mas-con-la-fiesta-del-deporte-catalan\/"},"modified":"2025-03-21T10:19:18","modified_gmt":"2025-03-21T09:19:18","slug":"un-ano-mas-con-la-fiesta-del-deporte-catalan","status":"publish","type":"post","link":"https:\/\/sport.mutuacat.org\/es\/actualidad\/un-ano-mas-con-la-fiesta-del-deporte-catalan\/","title":{"rendered":"Un a\u00f1o m\u00e1s, con la Fiesta del Deporte Catal\u00e1n"},"content":{"rendered":"\t\t<div data-elementor-type=\"wp-post\" data-elementor-id=\"4926\" class=\"elementor elementor-4926 elementor-4860\" data-elementor-post-type=\"post\">\n\t\t\t\t\t\t<section class=\"elementor-section elementor-top-section elementor-element elementor-element-6cc996d3 elementor-section-height-min-height elementor-section-boxed elementor-section-height-default elementor-section-items-middle\" data-id=\"6cc996d3\" data-element_type=\"section\" data-e-type=\"section\" data-settings=\"{&quot;background_background&quot;:&quot;classic&quot;}\">\n\t\t\t\t\t\t\t<div class=\"elementor-background-overlay\"><\/div>\n\t\t\t\t\t\t\t<div class=\"elementor-container elementor-column-gap-default\">\n\t\t\t\t\t<div class=\"elementor-column elementor-col-100 elementor-top-column elementor-element elementor-element-347425e4\" data-id=\"347425e4\" data-element_type=\"column\" data-e-type=\"column\">\n\t\t\t<div class=\"elementor-widget-wrap elementor-element-populated\">\n\t\t\t\t\t\t<div class=\"elementor-element elementor-element-30ccffdd de_scroll_animation_no elementor-invisible elementor-widget elementor-widget-heading\" data-id=\"30ccffdd\" data-element_type=\"widget\" data-e-type=\"widget\" data-settings=\"{&quot;_animation&quot;:&quot;fadeIn&quot;}\" data-widget_type=\"heading.default\">\n\t\t\t\t<div class=\"elementor-widget-container\">\n\t\t\t\t\t<h2 class=\"elementor-heading-title elementor-size-default\">Actualidad<\/h2>\t\t\t\t<\/div>\n\t\t\t\t<\/div>\n\t\t\t\t<div class=\"elementor-element elementor-element-55ce8eff elementor-icon-list--layout-inline elementor-align-center elementor-list-item-link-full_width de_scroll_animation_no elementor-invisible elementor-widget elementor-widget-icon-list\" data-id=\"55ce8eff\" data-element_type=\"widget\" data-e-type=\"widget\" data-settings=\"{&quot;_animation&quot;:&quot;fadeIn&quot;,&quot;_animation_delay&quot;:200}\" data-widget_type=\"icon-list.default\">\n\t\t\t\t<div class=\"elementor-widget-container\">\n\t\t\t\t\t\t\t<ul class=\"elementor-icon-list-items elementor-inline-items\">\n\t\t\t\t\t\t\t<li class=\"elementor-icon-list-item elementor-inline-item\">\n\t\t\t\t\t\t\t\t\t\t\t<a href=\"https:\/\/sport.mutuacat.org\/es\/\">\n\n\t\t\t\t\t\t\t\t\t\t\t<span class=\"elementor-icon-list-text\">Inicio<\/span>\n\t\t\t\t\t\t\t\t\t\t\t<\/a>\n\t\t\t\t\t\t\t\t\t<\/li>\n\t\t\t\t\t\t\t\t<li class=\"elementor-icon-list-item elementor-inline-item\">\n\t\t\t\t\t\t\t\t\t\t\t<span class=\"elementor-icon-list-icon\">\n\t\t\t\t\t\t\t<i aria-hidden=\"true\" class=\"icon icon-right-arrow1\"><\/i>\t\t\t\t\t\t<\/span>\n\t\t\t\t\t\t\t\t\t\t<span class=\"elementor-icon-list-text\">Noticias<\/span>\n\t\t\t\t\t\t\t\t\t<\/li>\n\t\t\t\t\t\t<\/ul>\n\t\t\t\t\t\t<\/div>\n\t\t\t\t<\/div>\n\t\t\t\t\t<\/div>\n\t\t<\/div>\n\t\t\t\t\t<\/div>\n\t\t<\/section>\n\t\t\t\t<section class=\"elementor-section elementor-top-section elementor-element elementor-element-360cf4d2 elementor-section-boxed elementor-section-height-default elementor-section-height-default\" data-id=\"360cf4d2\" data-element_type=\"section\" data-e-type=\"section\">\n\t\t\t\t\t\t<div class=\"elementor-container elementor-column-gap-default\">\n\t\t\t\t\t<div class=\"elementor-column elementor-col-50 elementor-top-column elementor-element elementor-element-460129d8 elementor-invisible\" data-id=\"460129d8\" data-element_type=\"column\" data-e-type=\"column\" data-settings=\"{&quot;animation&quot;:&quot;fadeIn&quot;,&quot;animation_delay&quot;:200}\">\n\t\t\t<div class=\"elementor-widget-wrap elementor-element-populated\">\n\t\t\t\t\t\t<div class=\"elementor-element elementor-element-6ca369e1 de_scroll_animation_no elementor-widget elementor-widget-post-featured-image\" data-id=\"6ca369e1\" data-element_type=\"widget\" data-e-type=\"widget\" data-widget_type=\"post-featured-image.default\">\n\t\t\t\t<div class=\"elementor-widget-container\">\n\t\t\t\t\t<div class=\"press-elements-featured-image \"><img fetchpriority=\"high\" decoding=\"async\" width=\"2560\" height=\"1706\" src=\"https:\/\/sport.mutuacat.org\/wp-content\/uploads\/2025\/02\/FESTAESPCATALA.037-scaled.jpg\" class=\"attachment-full size-full wp-post-image\" alt=\"Elena Congost va rebre el Premi a l&#039;esperit Esportiu, a la 28a Festa de l&#039;Esport Catal\u00e0\" srcset=\"https:\/\/sport.mutuacat.org\/wp-content\/uploads\/2025\/02\/FESTAESPCATALA.037-scaled.jpg 2560w, https:\/\/sport.mutuacat.org\/wp-content\/uploads\/2025\/02\/FESTAESPCATALA.037-300x200.jpg 300w, https:\/\/sport.mutuacat.org\/wp-content\/uploads\/2025\/02\/FESTAESPCATALA.037-1024x683.jpg 1024w, https:\/\/sport.mutuacat.org\/wp-content\/uploads\/2025\/02\/FESTAESPCATALA.037-768x512.jpg 768w, https:\/\/sport.mutuacat.org\/wp-content\/uploads\/2025\/02\/FESTAESPCATALA.037-1536x1024.jpg 1536w, https:\/\/sport.mutuacat.org\/wp-content\/uploads\/2025\/02\/FESTAESPCATALA.037-2048x1365.jpg 2048w\" sizes=\"(max-width: 2560px) 100vw, 2560px\" \/><\/div>\t\t\t\t<\/div>\n\t\t\t\t<\/div>\n\t\t\t\t<div class=\"elementor-element elementor-element-fefc03e elementor-widget__width-auto de_scroll_animation_no elementor-widget elementor-widget-post-date\" data-id=\"fefc03e\" data-element_type=\"widget\" data-e-type=\"widget\" data-widget_type=\"post-date.default\">\n\t\t\t\t<div class=\"elementor-widget-container\">\n\t\t\t\t\t<p class=\"press-elements-date \">20\/02\/2025<\/p>\t\t\t\t<\/div>\n\t\t\t\t<\/div>\n\t\t\t\t<div class=\"elementor-element elementor-element-176720a1 elementor-widget__width-auto de_scroll_animation_no elementor-widget elementor-widget-post-terms\" data-id=\"176720a1\" data-element_type=\"widget\" data-e-type=\"widget\" data-widget_type=\"post-terms.default\">\n\t\t\t\t<div class=\"elementor-widget-container\">\n\t\t\t\t\t<p class=\"press-elements-terms \">Actualitat<\/p>\t\t\t\t<\/div>\n\t\t\t\t<\/div>\n\t\t\t\t<div class=\"elementor-element elementor-element-328e3566 de_scroll_animation_no elementor-widget elementor-widget-dt-post-title\" data-id=\"328e3566\" data-element_type=\"widget\" data-e-type=\"widget\" data-widget_type=\"dt-post-title.default\">\n\t\t\t\t<div class=\"elementor-widget-container\">\n\t\t\t\t\t<h2 class=\"dt-post-title \">Un a\u00f1o m\u00e1s, con la Fiesta del Deporte Catal\u00e1n<\/h2>\t\t\t\t<\/div>\n\t\t\t\t<\/div>\n\t\t\t\t<div class=\"elementor-element elementor-element-5b05b98b de_scroll_animation_no elementor-widget elementor-widget-post-excerpt\" data-id=\"5b05b98b\" data-element_type=\"widget\" data-e-type=\"widget\" data-widget_type=\"post-excerpt.default\">\n\t\t\t\t<div class=\"elementor-widget-container\">\n\t\t\t\t\t<p class=\"press-elements-excerpt \">Mutuacat ha colaborado con la Fiesta del Deporte Catal\u00e1n, organizada por la Uni\u00f3n de Federaciones Deportivas de Catalu\u00f1a (UFEC) y el diario Sport. <\/p>\t\t\t\t<\/div>\n\t\t\t\t<\/div>\n\t\t\t\t<div class=\"elementor-element elementor-element-7daa458f de_scroll_animation_no elementor-widget elementor-widget-text-editor\" data-id=\"7daa458f\" data-element_type=\"widget\" data-e-type=\"widget\" data-widget_type=\"text-editor.default\">\n\t\t\t\t<div class=\"elementor-widget-container\">\n\t\t\t\t\t\t\t\t\t<p><a href=\"https:\/\/www.sport.mutuacat.org\/es\/\">Mutuacat<\/a> ha colaborado con la Fiesta del Deporte Catal\u00e1n, organizada por la <a href=\"https:\/\/www.ufec.cat\/\">Uni\u00f3n de Federaciones Deportivas de Catalu\u00f1a<\/a> (UFEC)y el diario <a href=\"https:\/\/www.sport.es\/es\/\"><em>Sport<\/em><\/a>. El 19 de febrero, en la America&#8217;s Cup Experience, se entregaron los premios a los deportistas e instituciones que m\u00e1s se han destacado durante el 2024. <\/p>\n<p>Els grans protagonistes de la tarda van ser Dennis Gonz\u00e1lez i Ari S\u00e1nchez, escollits com a Millors Esportistes Catalans. El nedador va brillar als European Aquatics Championships de Belgrad amb tres medalles d\u2019or i dues plates al Mundial de Doha 2024. Per la seva banda, la jugadora de p\u00e0del ha estat campiona del m\u00f3n. I, a m\u00e9s, ha tancat l\u2019any com a n\u00famero 1 del r\u00e0nquing mundial del World Padel Tour.<\/p>\n<p>Los grandes protagonistas de la tarde fueron <strong>Dennis Gonz\u00e1lez<\/strong> y <strong>Ari S\u00e1nchez<\/strong>, escogidos como Mejores Deportistas Catalanes. El nadador brill\u00f3 en los European Aquatics Championships de Belgrado con tres medallas de oro y dos platas en el Mundial de Doha 2024. Por su parte, la jugadora de p\u00e1del ha sido campeona del mundo. Y, adem\u00e1s, ha cerrado el a\u00f1o como n\u00famero 1 del ranking mundial del World Padel Tour.   <\/p>\n<p>Tambi\u00e9n han sido premiados Pau Cubars\u00ed (Proyecci\u00f3n Masculina), Daniela Terol (Proyecci\u00f3n Femenina). El FC Barcelona femenino de f\u00fatbol ha sido galardonado como el equipo que ha dado m\u00e1s logros al deporte catal\u00e1n). Por su parte, Jordi Fern\u00e1ndez ha sido reconocido como Mejor Entrenador, mientras que Elena Congost ha recibido el Premio al Esp\u00edritu Deportivo. Adem\u00e1s, Laura Ester ha sido distinguida como Deportista Legendaria 360. Por su parte, la Federaci\u00f3n Catalana de Rugby ha sido galardonada por su excelente gesti\u00f3n federativa.    <\/p>\n<h5>El premio a Elena Congost<\/h5>\n<p>El director general de Mutuacat, <strong>Sergi Maci\u00e0,<\/strong> entreg\u00f3 uno de los premios m\u00e1s emotivos de la gala. Concretamente, entreg\u00f3 el Premio al Esp\u00edritu Deportivo a <strong>Elena Congost<\/strong>, la atleta con discapacidad visual que, durante el marat\u00f3n paral\u00edmpico, renunci\u00f3 a su medalla para ayudar a su gu\u00eda. <\/p>\n<p>Un a\u00f1o m\u00e1s, la Fiesta del Deporte Catal\u00e1n ha servido para reconocer el talento, la dedicaci\u00f3n y los valores del deporte. Con este evento, se pone de relieve el esfuerzo de deportistas, entrenadores e instituciones que, d\u00eda tras d\u00eda, contribuyen a hacer crecer el deporte catal\u00e1n. Y Mutuacat, fiel a su compromiso con el deporte y la salud, seguir\u00e1 apoyando iniciativas que fomenten estos valores y ayuden a impulsar el deporte. Porque m\u00e1s all\u00e1 de la competici\u00f3n, el deporte es un motor de salud, cohesi\u00f3n y crecimiento personal.   <\/p>\n\t\t\t\t\t\t\t\t<\/div>\n\t\t\t\t<\/div>\n\t\t\t\t<section class=\"elementor-section elementor-inner-section elementor-element elementor-element-4cd92faf elementor-section-boxed elementor-section-height-default elementor-section-height-default\" data-id=\"4cd92faf\" data-element_type=\"section\" data-e-type=\"section\">\n\t\t\t\t\t\t<div class=\"elementor-container elementor-column-gap-default\">\n\t\t\t\t\t<div class=\"elementor-column elementor-col-50 elementor-inner-column elementor-element elementor-element-618745\" data-id=\"618745\" data-element_type=\"column\" data-e-type=\"column\">\n\t\t\t<div class=\"elementor-widget-wrap elementor-element-populated\">\n\t\t\t\t\t\t<div class=\"elementor-element elementor-element-3eeba245 elementor-widget__width-auto de_scroll_animation_no elementor-widget elementor-widget-text-editor\" data-id=\"3eeba245\" data-element_type=\"widget\" data-e-type=\"widget\" data-widget_type=\"text-editor.default\">\n\t\t\t\t<div class=\"elementor-widget-container\">\n\t\t\t\t\t\t\t\t\t<p>Etiquetas: <\/p>\n\t\t\t\t\t\t\t\t<\/div>\n\t\t\t\t<\/div>\n\t\t\t\t<div class=\"elementor-element elementor-element-69a39b3a elementor-widget__width-auto de_scroll_animation_no elementor-widget elementor-widget-post-terms\" data-id=\"69a39b3a\" data-element_type=\"widget\" data-e-type=\"widget\" data-widget_type=\"post-terms.default\">\n\t\t\t\t<div class=\"elementor-widget-container\">\n\t\t\t\t\t<p class=\"press-elements-terms \">deporte, deportistas, gala, premios, Sport, UFEC<\/p>\t\t\t\t<\/div>\n\t\t\t\t<\/div>\n\t\t\t\t\t<\/div>\n\t\t<\/div>\n\t\t\t\t<div class=\"elementor-column elementor-col-50 elementor-inner-column elementor-element elementor-element-730354a8\" data-id=\"730354a8\" data-element_type=\"column\" data-e-type=\"column\">\n\t\t\t<div class=\"elementor-widget-wrap\">\n\t\t\t\t\t\t\t<\/div>\n\t\t<\/div>\n\t\t\t\t\t<\/div>\n\t\t<\/section>\n\t\t\t\t\t<\/div>\n\t\t<\/div>\n\t\t\t\t<div class=\"elementor-column elementor-col-50 elementor-top-column elementor-element elementor-element-2517f10a elementor-invisible\" data-id=\"2517f10a\" data-element_type=\"column\" data-e-type=\"column\" data-settings=\"{&quot;animation&quot;:&quot;fadeIn&quot;,&quot;animation_delay&quot;:400}\">\n\t\t\t<div class=\"elementor-widget-wrap elementor-element-populated\">\n\t\t\t\t\t\t<section class=\"elementor-section elementor-inner-section elementor-element elementor-element-11a229e7 elementor-section-boxed elementor-section-height-default elementor-section-height-default\" data-id=\"11a229e7\" data-element_type=\"section\" data-e-type=\"section\">\n\t\t\t\t\t\t<div class=\"elementor-container elementor-column-gap-default\">\n\t\t\t\t\t<div class=\"elementor-column elementor-col-100 elementor-inner-column elementor-element elementor-element-7a9fbcab\" data-id=\"7a9fbcab\" data-element_type=\"column\" data-e-type=\"column\">\n\t\t\t<div class=\"elementor-widget-wrap elementor-element-populated\">\n\t\t\t\t\t\t<div class=\"elementor-element elementor-element-582547eb de_scroll_animation_no elementor-widget elementor-widget-heading\" data-id=\"582547eb\" data-element_type=\"widget\" data-e-type=\"widget\" data-widget_type=\"heading.default\">\n\t\t\t\t<div class=\"elementor-widget-container\">\n\t\t\t\t\t<h3 class=\"elementor-heading-title elementor-size-default\">Qui\u00e9nes somos<\/h3>\t\t\t\t<\/div>\n\t\t\t\t<\/div>\n\t\t\t\t<div class=\"elementor-element elementor-element-78fa6d5d elementor-widget-divider--view-line de_scroll_animation_no elementor-widget elementor-widget-divider\" data-id=\"78fa6d5d\" data-element_type=\"widget\" data-e-type=\"widget\" data-widget_type=\"divider.default\">\n\t\t\t\t<div class=\"elementor-widget-container\">\n\t\t\t\t\t\t\t<div class=\"elementor-divider\">\n\t\t\t<span class=\"elementor-divider-separator\">\n\t\t\t\t\t\t<\/span>\n\t\t<\/div>\n\t\t\t\t\t\t<\/div>\n\t\t\t\t<\/div>\n\t\t\t\t<div class=\"elementor-element elementor-element-15e3cdd7 de_scroll_animation_no elementor-widget elementor-widget-text-editor\" data-id=\"15e3cdd7\" data-element_type=\"widget\" data-e-type=\"widget\" data-widget_type=\"text-editor.default\">\n\t\t\t\t<div class=\"elementor-widget-container\">\n\t\t\t\t\t\t\t\t\t<p>\u00a1Somos la aseguradora del deporte!<\/p><p><span style=\"color: var( --e-global-color-text ); font-family: var( --e-global-typography-text-font-family ), Sans-serif; font-size: var( --e-global-typography-text-font-size ); font-weight: var( --e-global-typography-text-font-weight ); text-transform: var( --e-global-typography-text-text-transform );\">Cubrimos los accidentes deportivos de federaciones de todo el Estado, consejos deportivos, ligas de f\u00fatbol y baloncesto (no federado), gimnasios, piscinas, grupos deportivos, carreras populares.<\/span><\/p>\n<p>\u00a1Disfruta de la tranquilidad de confiar en una mutualidad \u00e9tica y cercana, que siempre estar\u00e1 a tu lado!<\/p>\t\t\t\t\t\t\t\t<\/div>\n\t\t\t\t<\/div>\n\t\t\t\t<div class=\"elementor-element elementor-element-78b8816a de_scroll_animation_no elementor-widget elementor-widget-elementskit-header-info\" data-id=\"78b8816a\" data-element_type=\"widget\" data-e-type=\"widget\" data-widget_type=\"elementskit-header-info.default\">\n\t\t\t\t<div class=\"elementor-widget-container\">\n\t\t\t\t\t<div class=\"ekit-wid-con\" >        <ul class=\"ekit-header-info\">\n                                    <li>\n                            <a href=\"mailto:sport@mutuacat.org\" target=\"_blank\" rel=\"nofollow\"> \n                                                                https:\/\/sport.mutuacat.org\/es\/                            <\/a>\n                        <\/li>\n\n                            <\/ul>\n        <\/div>\t\t\t\t<\/div>\n\t\t\t\t<\/div>\n\t\t\t\t<div class=\"elementor-element elementor-element-21166811 de_scroll_animation_no elementor-widget elementor-widget-elementskit-header-info\" data-id=\"21166811\" data-element_type=\"widget\" data-e-type=\"widget\" data-widget_type=\"elementskit-header-info.default\">\n\t\t\t\t<div class=\"elementor-widget-container\">\n\t\t\t\t\t<div class=\"ekit-wid-con\" >        <ul class=\"ekit-header-info\">\n                                    <li>\n                            <a href=\"tel:902490480\" target=\"_blank\" rel=\"nofollow\"> \n                                                                902 490 480                            <\/a>\n                        <\/li>\n\n                            <\/ul>\n        <\/div>\t\t\t\t<\/div>\n\t\t\t\t<\/div>\n\t\t\t\t\t<\/div>\n\t\t<\/div>\n\t\t\t\t\t<\/div>\n\t\t<\/section>\n\t\t\t\t<section class=\"elementor-section elementor-inner-section elementor-element elementor-element-1f29f7f9 elementor-section-boxed elementor-section-height-default elementor-section-height-default\" data-id=\"1f29f7f9\" data-element_type=\"section\" data-e-type=\"section\">\n\t\t\t\t\t\t<div class=\"elementor-container elementor-column-gap-default\">\n\t\t\t\t\t<div class=\"elementor-column elementor-col-100 elementor-inner-column elementor-element elementor-element-6915bf94\" data-id=\"6915bf94\" data-element_type=\"column\" data-e-type=\"column\">\n\t\t\t<div class=\"elementor-widget-wrap elementor-element-populated\">\n\t\t\t\t\t\t<div class=\"elementor-element elementor-element-313c904b de_scroll_animation_no elementor-widget elementor-widget-heading\" data-id=\"313c904b\" data-element_type=\"widget\" data-e-type=\"widget\" data-widget_type=\"heading.default\">\n\t\t\t\t<div class=\"elementor-widget-container\">\n\t\t\t\t\t<h3 class=\"elementor-heading-title elementor-size-default\">\u00daltimos art\u00edculos<\/h3>\t\t\t\t<\/div>\n\t\t\t\t<\/div>\n\t\t\t\t<div class=\"elementor-element elementor-element-532f09c1 elementor-widget-divider--view-line de_scroll_animation_no elementor-widget elementor-widget-divider\" data-id=\"532f09c1\" data-element_type=\"widget\" data-e-type=\"widget\" data-widget_type=\"divider.default\">\n\t\t\t\t<div class=\"elementor-widget-container\">\n\t\t\t\t\t\t\t<div class=\"elementor-divider\">\n\t\t\t<span class=\"elementor-divider-separator\">\n\t\t\t\t\t\t<\/span>\n\t\t<\/div>\n\t\t\t\t\t\t<\/div>\n\t\t\t\t<\/div>\n\t\t\t\t<div class=\"elementor-element elementor-element-38f02f9d de_scroll_animation_no elementor-widget elementor-widget-elementskit-post-list\" data-id=\"38f02f9d\" data-element_type=\"widget\" data-e-type=\"widget\" data-widget_type=\"elementskit-post-list.default\">\n\t\t\t\t<div class=\"elementor-widget-container\">\n\t\t\t\t\t<div class=\"ekit-wid-con\" >\t\t<ul class=\"elementor-icon-list-items ekit-post-list-wrapper \">\n\t\t\t\t\t\t<li class=\"elementor-icon-list-item   \">\n\t\t\t\t<a href=\"https:\/\/sport.mutuacat.org\/es\/actualidad\/mutuacat-en-la-presentacion-de-esport-k\/\" >\n\t\t\t\t\t<img decoding=\"async\" width=\"300\" height=\"300\" src=\"https:\/\/sport.mutuacat.org\/wp-content\/uploads\/2026\/03\/Presentacio-Esport-K-300x300.jpeg\" class=\"attachment-medium size-medium wp-post-image\" alt=\"Leo Mart\u00ednes, de mutuacat entre Pitu Gonzalez i S\u00edlvia P\u00e9rez de l CEEB\" srcset=\"https:\/\/sport.mutuacat.org\/wp-content\/uploads\/2026\/03\/Presentacio-Esport-K-300x300.jpeg 300w, https:\/\/sport.mutuacat.org\/wp-content\/uploads\/2026\/03\/Presentacio-Esport-K-1024x1024.jpeg 1024w, https:\/\/sport.mutuacat.org\/wp-content\/uploads\/2026\/03\/Presentacio-Esport-K-150x150.jpeg 150w, https:\/\/sport.mutuacat.org\/wp-content\/uploads\/2026\/03\/Presentacio-Esport-K-768x768.jpeg 768w, https:\/\/sport.mutuacat.org\/wp-content\/uploads\/2026\/03\/Presentacio-Esport-K-1536x1536.jpeg 1536w, https:\/\/sport.mutuacat.org\/wp-content\/uploads\/2026\/03\/Presentacio-Esport-K.jpeg 2047w\" sizes=\"(max-width: 300px) 100vw, 300px\" \/>\t\t\t\t\t<div class=\"ekit_post_list_content_wraper\">\n\t\t\t\t\t\t\t\t\t\t\t\t\t\t\t\t\t\t<div class=\"meta-lists\">\n\t\t\t\t\t\t\t\t\t\t\t\t\t\t<span class=\"meta-date\">\n\n\t\t\t\t\t\t\t\t\n\t\t\t\t\t\t\t\t19 Feb 2026\t\t\t\t\t\t\t<\/span>\n\t\t\t\t\t\t\t\n\t\t\t\t\t\t\t\t\t\t\t\t\t<\/div>\n\t\t\t\t\t\t\n\t\t\t\t\t\t<span class=\"elementor-icon-list-text\">Mutuacat, en la presentaci\u00f3n de Esport K<\/span>\n\n\t\t\t\t\t\t\t\t\t\t\t<\/div>\n\t\t\t\t<\/a>\n\t\t\t<\/li>\n\t\t\t\t\t<li class=\"elementor-icon-list-item   \">\n\t\t\t\t<a href=\"https:\/\/sport.mutuacat.org\/es\/actualidad\/mutuacat-en-la-fiesta-del-deporte-catalan\/\" >\n\t\t\t\t\t<img decoding=\"async\" width=\"300\" height=\"251\" src=\"https:\/\/sport.mutuacat.org\/wp-content\/uploads\/2026\/01\/Festa-de-lEsport-Catala-Premi-millor-gestio-federativa-300x251.png\" class=\"attachment-medium size-medium wp-post-image\" alt=\"Festa de l&#039;Esport Catal\u00e0 -\" srcset=\"https:\/\/sport.mutuacat.org\/wp-content\/uploads\/2026\/01\/Festa-de-lEsport-Catala-Premi-millor-gestio-federativa-300x251.png 300w, https:\/\/sport.mutuacat.org\/wp-content\/uploads\/2026\/01\/Festa-de-lEsport-Catala-Premi-millor-gestio-federativa-768x644.png 768w, https:\/\/sport.mutuacat.org\/wp-content\/uploads\/2026\/01\/Festa-de-lEsport-Catala-Premi-millor-gestio-federativa.png 940w\" sizes=\"(max-width: 300px) 100vw, 300px\" \/>\t\t\t\t\t<div class=\"ekit_post_list_content_wraper\">\n\t\t\t\t\t\t\t\t\t\t\t\t\t\t\t\t\t\t<div class=\"meta-lists\">\n\t\t\t\t\t\t\t\t\t\t\t\t\t\t<span class=\"meta-date\">\n\n\t\t\t\t\t\t\t\t\n\t\t\t\t\t\t\t\t27 Ene 2026\t\t\t\t\t\t\t<\/span>\n\t\t\t\t\t\t\t\n\t\t\t\t\t\t\t\t\t\t\t\t\t<\/div>\n\t\t\t\t\t\t\n\t\t\t\t\t\t<span class=\"elementor-icon-list-text\">Mutuacat en la Fiesta del Deporte Catal\u00e1n<\/span>\n\n\t\t\t\t\t\t\t\t\t\t\t<\/div>\n\t\t\t\t<\/a>\n\t\t\t<\/li>\n\t\t\t\t\t<li class=\"elementor-icon-list-item   \">\n\t\t\t\t<a href=\"https:\/\/sport.mutuacat.org\/es\/actualidad\/miting-internacional-cataluna-atletismo\/\" >\n\t\t\t\t\t<img loading=\"lazy\" decoding=\"async\" width=\"300\" height=\"251\" src=\"https:\/\/sport.mutuacat.org\/wp-content\/uploads\/2026\/01\/Miting-Internacional-Catalunya-dAtletisme-300x251.png\" class=\"attachment-medium size-medium wp-post-image\" alt=\"M\u00edting Internacional Catalunya d&#039;atletisme- Un atleta mostra el trofeu que i ha lliurat Sergi Maci\u00e0, directorgeneral de Mutuacat\" srcset=\"https:\/\/sport.mutuacat.org\/wp-content\/uploads\/2026\/01\/Miting-Internacional-Catalunya-dAtletisme-300x251.png 300w, https:\/\/sport.mutuacat.org\/wp-content\/uploads\/2026\/01\/Miting-Internacional-Catalunya-dAtletisme-768x644.png 768w, https:\/\/sport.mutuacat.org\/wp-content\/uploads\/2026\/01\/Miting-Internacional-Catalunya-dAtletisme.png 940w\" sizes=\"(max-width: 300px) 100vw, 300px\" \/>\t\t\t\t\t<div class=\"ekit_post_list_content_wraper\">\n\t\t\t\t\t\t\t\t\t\t\t\t\t\t\t\t\t\t<div class=\"meta-lists\">\n\t\t\t\t\t\t\t\t\t\t\t\t\t\t<span class=\"meta-date\">\n\n\t\t\t\t\t\t\t\t\n\t\t\t\t\t\t\t\t26 Ene 2026\t\t\t\t\t\t\t<\/span>\n\t\t\t\t\t\t\t\n\t\t\t\t\t\t\t\t\t\t\t\t\t<\/div>\n\t\t\t\t\t\t\n\t\t\t\t\t\t<span class=\"elementor-icon-list-text\">Mutuacat reafirma su compromiso con el atletismo en la 11\u00aa edici\u00f3n del M\u00edting Internacional Catalu\u00f1a<\/span>\n\n\t\t\t\t\t\t\t\t\t\t\t<\/div>\n\t\t\t\t<\/a>\n\t\t\t<\/li>\n\t\t\t\t<\/ul>\n\t\t<\/div>\t\t\t\t<\/div>\n\t\t\t\t<\/div>\n\t\t\t\t\t<\/div>\n\t\t<\/div>\n\t\t\t\t\t<\/div>\n\t\t<\/section>\n\t\t\t\t<section class=\"elementor-section elementor-inner-section elementor-element elementor-element-233a4dd2 elementor-section-boxed elementor-section-height-default elementor-section-height-default\" data-id=\"233a4dd2\" data-element_type=\"section\" data-e-type=\"section\" data-settings=\"{&quot;background_background&quot;:&quot;classic&quot;}\">\n\t\t\t\t\t\t\t<div class=\"elementor-background-overlay\"><\/div>\n\t\t\t\t\t\t\t<div class=\"elementor-container elementor-column-gap-default\">\n\t\t\t\t\t<div class=\"elementor-column elementor-col-100 elementor-inner-column elementor-element elementor-element-43df69e7\" data-id=\"43df69e7\" data-element_type=\"column\" data-e-type=\"column\">\n\t\t\t<div class=\"elementor-widget-wrap elementor-element-populated\">\n\t\t\t\t\t\t<div class=\"elementor-element elementor-element-6c36853c de_scroll_animation_no elementor-widget elementor-widget-heading\" data-id=\"6c36853c\" data-element_type=\"widget\" data-e-type=\"widget\" data-widget_type=\"heading.default\">\n\t\t\t\t<div class=\"elementor-widget-container\">\n\t\t\t\t\t<h3 class=\"elementor-heading-title elementor-size-default\">Contacto<\/h3>\t\t\t\t<\/div>\n\t\t\t\t<\/div>\n\t\t\t\t<div class=\"elementor-element elementor-element-347e6ca1 elementor-widget-divider--view-line de_scroll_animation_no elementor-widget elementor-widget-divider\" data-id=\"347e6ca1\" data-element_type=\"widget\" data-e-type=\"widget\" data-widget_type=\"divider.default\">\n\t\t\t\t<div class=\"elementor-widget-container\">\n\t\t\t\t\t\t\t<div class=\"elementor-divider\">\n\t\t\t<span class=\"elementor-divider-separator\">\n\t\t\t\t\t\t<\/span>\n\t\t<\/div>\n\t\t\t\t\t\t<\/div>\n\t\t\t\t<\/div>\n\t\t\t\t<div class=\"elementor-element elementor-element-140f08ae de_scroll_animation_no elementor-widget elementor-widget-text-editor\" data-id=\"140f08ae\" data-element_type=\"widget\" data-e-type=\"widget\" data-widget_type=\"text-editor.default\">\n\t\t\t\t<div class=\"elementor-widget-container\">\n\t\t\t\t\t\t\t\t\t<p>\u00bfQuieres informaci\u00f3n sobre nuestros seguros deportivos y de ocio y tiempo libre?<\/p>\n\t\t\t\t\t\t\t\t<\/div>\n\t\t\t\t<\/div>\n\t\t\t\t<div class=\"elementor-element elementor-element-58cb0377 elementor-align-left de_scroll_animation_no elementor-widget elementor-widget-button\" data-id=\"58cb0377\" data-element_type=\"widget\" data-e-type=\"widget\" data-widget_type=\"button.default\">\n\t\t\t\t<div class=\"elementor-widget-container\">\n\t\t\t\t\t\t\t\t\t<div class=\"elementor-button-wrapper\">\n\t\t\t\t\t<a class=\"elementor-button elementor-button-link elementor-size-sm\" href=\"\/es\/contacto\/\">\n\t\t\t\t\t\t<span class=\"elementor-button-content-wrapper\">\n\t\t\t\t\t\t<span class=\"elementor-button-icon\">\n\t\t\t\t<i aria-hidden=\"true\" class=\"icon icon-comment1\"><\/i>\t\t\t<\/span>\n\t\t\t\t\t\t\t\t\t<span class=\"elementor-button-text\">M\u00e1ndanos un mensaje<\/span>\n\t\t\t\t\t<\/span>\n\t\t\t\t\t<\/a>\n\t\t\t\t<\/div>\n\t\t\t\t\t\t\t\t<\/div>\n\t\t\t\t<\/div>\n\t\t\t\t\t<\/div>\n\t\t<\/div>\n\t\t\t\t\t<\/div>\n\t\t<\/section>\n\t\t\t\t\t<\/div>\n\t\t<\/div>\n\t\t\t\t\t<\/div>\n\t\t<\/section>\n\t\t\t\t<section class=\"elementor-section elementor-top-section elementor-element elementor-element-34e188d elementor-hidden-desktop elementor-hidden-tablet elementor-hidden-mobile elementor-section-boxed elementor-section-height-default elementor-section-height-default\" data-id=\"34e188d\" data-element_type=\"section\" data-e-type=\"section\" data-settings=\"{&quot;background_background&quot;:&quot;classic&quot;}\">\n\t\t\t\t\t\t<div class=\"elementor-container elementor-column-gap-default\">\n\t\t\t\t\t<div class=\"elementor-column elementor-col-100 elementor-top-column elementor-element elementor-element-258e30d1\" data-id=\"258e30d1\" data-element_type=\"column\" data-e-type=\"column\">\n\t\t\t<div class=\"elementor-widget-wrap elementor-element-populated\">\n\t\t\t\t\t\t<div class=\"elementor-element elementor-element-1e914d9 de_scroll_animation_no elementor-invisible elementor-widget elementor-widget-text-editor\" data-id=\"1e914d9\" data-element_type=\"widget\" data-e-type=\"widget\" data-settings=\"{&quot;_animation&quot;:&quot;fadeIn&quot;}\" data-widget_type=\"text-editor.default\">\n\t\t\t\t<div class=\"elementor-widget-container\">\n\t\t\t\t\t\t\t\t\t<p>Noticias<\/p>\n\t\t\t\t\t\t\t\t<\/div>\n\t\t\t\t<\/div>\n\t\t\t\t<div class=\"elementor-element elementor-element-24537387 de_scroll_animation_no elementor-invisible elementor-widget elementor-widget-heading\" data-id=\"24537387\" data-element_type=\"widget\" data-e-type=\"widget\" data-settings=\"{&quot;_animation&quot;:&quot;fadeIn&quot;,&quot;_animation_delay&quot;:200}\" data-widget_type=\"heading.default\">\n\t\t\t\t<div class=\"elementor-widget-container\">\n\t\t\t\t\t<h2 class=\"elementor-heading-title elementor-size-default\">Subscribe to our newsletter<\/h2>\t\t\t\t<\/div>\n\t\t\t\t<\/div>\n\t\t\t\t<div class=\"elementor-element elementor-element-44e0a13e ekit_wpForms_container-form-button-custom de_scroll_animation_no elementor-invisible elementor-widget elementor-widget-elementskit-wp-forms\" data-id=\"44e0a13e\" data-element_type=\"widget\" data-e-type=\"widget\" data-settings=\"{&quot;_animation&quot;:&quot;fadeIn&quot;,&quot;_animation_delay&quot;:400}\" data-widget_type=\"elementskit-wp-forms.default\">\n\t\t\t\t<div class=\"elementor-widget-container\">\n\t\t\t\t\t<div class=\"ekit-wid-con ekit_wpForms_container\">[wpforms id=\"468\"]<\/div>\t\t\t\t<\/div>\n\t\t\t\t<\/div>\n\t\t\t\t\t<\/div>\n\t\t<\/div>\n\t\t\t\t\t<\/div>\n\t\t<\/section>\n\t\t\t\t<\/div>\n\t\t","protected":false},"excerpt":{"rendered":"<p>Mutuacat ha colaborado con la Fiesta del Deporte Catal\u00e1n, organizada por la Uni\u00f3n de Federaciones Deportivas de Catalu\u00f1a (UFEC) y el diario Sport. <\/p>\n","protected":false},"author":4,"featured_media":4924,"comment_status":"closed","ping_status":"closed","sticky":false,"template":"","format":"standard","meta":{"footnotes":""},"categories":[43],"tags":[71,138,133,137,139,136],"class_list":["post-4926","post","type-post","status-publish","format-standard","has-post-thumbnail","hentry","category-actualitat","tag-deporte","tag-deportistas","tag-gala-es","tag-premios","tag-sport-es","tag-ufec-es"],"yoast_head":"<!-- This site is optimized with the Yoast SEO Premium plugin v23.6 (Yoast SEO v26.9) - https:\/\/yoast.com\/product\/yoast-seo-premium-wordpress\/ -->\n<title>Un a\u00f1o m\u00e1s, con la Fiesta del Deporte Catal\u00e1n - Sport Mutuacat<\/title>\n<meta name=\"description\" content=\"Mutuacat colabora con la Fiesta del Deporte Catal\u00e1n, organizada por la Uni\u00f3n de Federacoiones Deportivas de Catalu\u00f1a y el diario Sport.\" \/>\n<meta name=\"robots\" content=\"index, follow, max-snippet:-1, max-image-preview:large, max-video-preview:-1\" \/>\n<link rel=\"canonical\" href=\"https:\/\/sport.mutuacat.org\/es\/actualidad\/un-ano-mas-con-la-fiesta-del-deporte-catalan\/\" \/>\n<meta property=\"og:locale\" content=\"es_ES\" \/>\n<meta property=\"og:type\" content=\"article\" \/>\n<meta property=\"og:title\" content=\"Un a\u00f1o m\u00e1s, con la Fiesta del Deporte Catal\u00e1n\" \/>\n<meta property=\"og:description\" content=\"Mutuacat colabora con la Fiesta del Deporte Catal\u00e1n, organizada por la Uni\u00f3n de Federacoiones Deportivas de Catalu\u00f1a y el diario Sport.\" \/>\n<meta property=\"og:url\" content=\"https:\/\/sport.mutuacat.org\/es\/actualidad\/un-ano-mas-con-la-fiesta-del-deporte-catalan\/\" \/>\n<meta property=\"og:site_name\" content=\"Sport Mutuacat\" \/>\n<meta property=\"article:publisher\" content=\"https:\/\/www.facebook.com\/mutuacat\" \/>\n<meta property=\"article:published_time\" content=\"2025-02-20T14:30:37+00:00\" \/>\n<meta property=\"article:modified_time\" content=\"2025-03-21T09:19:18+00:00\" \/>\n<meta property=\"og:image\" content=\"https:\/\/sport.mutuacat.org\/wp-content\/uploads\/2025\/02\/FESTAESPCATALA.037-scaled.jpg\" \/>\n\t<meta property=\"og:image:width\" content=\"2560\" \/>\n\t<meta property=\"og:image:height\" content=\"1706\" \/>\n\t<meta property=\"og:image:type\" content=\"image\/jpeg\" \/>\n<meta name=\"author\" content=\"Elena\" \/>\n<meta name=\"twitter:card\" content=\"summary_large_image\" \/>\n<meta name=\"twitter:label1\" content=\"Escrito por\" \/>\n\t<meta name=\"twitter:data1\" content=\"Elena\" \/>\n\t<meta name=\"twitter:label2\" content=\"Tiempo de lectura\" \/>\n\t<meta name=\"twitter:data2\" content=\"4 minutos\" \/>\n<script type=\"application\/ld+json\" class=\"yoast-schema-graph\">{\"@context\":\"https:\/\/schema.org\",\"@graph\":[{\"@type\":\"Article\",\"@id\":\"https:\/\/sport.mutuacat.org\/es\/actualidad\/un-ano-mas-con-la-fiesta-del-deporte-catalan\/#article\",\"isPartOf\":{\"@id\":\"https:\/\/sport.mutuacat.org\/es\/actualidad\/un-ano-mas-con-la-fiesta-del-deporte-catalan\/\"},\"author\":{\"name\":\"Elena\",\"@id\":\"https:\/\/sport.mutuacat.org\/es\/#\/schema\/person\/2c97f69b13a8f9223fe94ede54339ee7\"},\"headline\":\"Un a\u00f1o m\u00e1s, con la Fiesta del Deporte Catal\u00e1n\",\"datePublished\":\"2025-02-20T14:30:37+00:00\",\"dateModified\":\"2025-03-21T09:19:18+00:00\",\"mainEntityOfPage\":{\"@id\":\"https:\/\/sport.mutuacat.org\/es\/actualidad\/un-ano-mas-con-la-fiesta-del-deporte-catalan\/\"},\"wordCount\":622,\"publisher\":{\"@id\":\"https:\/\/sport.mutuacat.org\/es\/#organization\"},\"image\":{\"@id\":\"https:\/\/sport.mutuacat.org\/es\/actualidad\/un-ano-mas-con-la-fiesta-del-deporte-catalan\/#primaryimage\"},\"thumbnailUrl\":\"https:\/\/sport.mutuacat.org\/wp-content\/uploads\/2025\/02\/FESTAESPCATALA.037-scaled.jpg\",\"keywords\":[\"deporte\",\"deportistas\",\"gala\",\"premios\",\"Sport\",\"UFEC\"],\"articleSection\":[\"Actualitat\"],\"inLanguage\":\"es\"},{\"@type\":\"WebPage\",\"@id\":\"https:\/\/sport.mutuacat.org\/es\/actualidad\/un-ano-mas-con-la-fiesta-del-deporte-catalan\/\",\"url\":\"https:\/\/sport.mutuacat.org\/es\/actualidad\/un-ano-mas-con-la-fiesta-del-deporte-catalan\/\",\"name\":\"Un a\u00f1o m\u00e1s, con la Fiesta del Deporte Catal\u00e1n - Sport Mutuacat\",\"isPartOf\":{\"@id\":\"https:\/\/sport.mutuacat.org\/es\/#website\"},\"primaryImageOfPage\":{\"@id\":\"https:\/\/sport.mutuacat.org\/es\/actualidad\/un-ano-mas-con-la-fiesta-del-deporte-catalan\/#primaryimage\"},\"image\":{\"@id\":\"https:\/\/sport.mutuacat.org\/es\/actualidad\/un-ano-mas-con-la-fiesta-del-deporte-catalan\/#primaryimage\"},\"thumbnailUrl\":\"https:\/\/sport.mutuacat.org\/wp-content\/uploads\/2025\/02\/FESTAESPCATALA.037-scaled.jpg\",\"datePublished\":\"2025-02-20T14:30:37+00:00\",\"dateModified\":\"2025-03-21T09:19:18+00:00\",\"description\":\"Mutuacat colabora con la Fiesta del Deporte Catal\u00e1n, organizada por la Uni\u00f3n de Federacoiones Deportivas de Catalu\u00f1a y el diario Sport.\",\"breadcrumb\":{\"@id\":\"https:\/\/sport.mutuacat.org\/es\/actualidad\/un-ano-mas-con-la-fiesta-del-deporte-catalan\/#breadcrumb\"},\"inLanguage\":\"es\",\"potentialAction\":[{\"@type\":\"ReadAction\",\"target\":[\"https:\/\/sport.mutuacat.org\/es\/actualidad\/un-ano-mas-con-la-fiesta-del-deporte-catalan\/\"]}]},{\"@type\":\"ImageObject\",\"inLanguage\":\"es\",\"@id\":\"https:\/\/sport.mutuacat.org\/es\/actualidad\/un-ano-mas-con-la-fiesta-del-deporte-catalan\/#primaryimage\",\"url\":\"https:\/\/sport.mutuacat.org\/wp-content\/uploads\/2025\/02\/FESTAESPCATALA.037-scaled.jpg\",\"contentUrl\":\"https:\/\/sport.mutuacat.org\/wp-content\/uploads\/2025\/02\/FESTAESPCATALA.037-scaled.jpg\",\"width\":2560,\"height\":1706,\"caption\":\"FESTA DE L\u2019ESPORT CATALA. FOTO: VALENTI ENRICH\"},{\"@type\":\"BreadcrumbList\",\"@id\":\"https:\/\/sport.mutuacat.org\/es\/actualidad\/un-ano-mas-con-la-fiesta-del-deporte-catalan\/#breadcrumb\",\"itemListElement\":[{\"@type\":\"ListItem\",\"position\":1,\"name\":\"Inici\",\"item\":\"https:\/\/sport.mutuacat.org\/es\/\"},{\"@type\":\"ListItem\",\"position\":2,\"name\":\"Un a\u00f1o m\u00e1s, con la Fiesta del Deporte Catal\u00e1n\"}]},{\"@type\":\"WebSite\",\"@id\":\"https:\/\/sport.mutuacat.org\/es\/#website\",\"url\":\"https:\/\/sport.mutuacat.org\/es\/\",\"name\":\"Sport Mutuacat\",\"description\":\"Sport Mutuacat\",\"publisher\":{\"@id\":\"https:\/\/sport.mutuacat.org\/es\/#organization\"},\"potentialAction\":[{\"@type\":\"SearchAction\",\"target\":{\"@type\":\"EntryPoint\",\"urlTemplate\":\"https:\/\/sport.mutuacat.org\/es\/?s={search_term_string}\"},\"query-input\":{\"@type\":\"PropertyValueSpecification\",\"valueRequired\":true,\"valueName\":\"search_term_string\"}}],\"inLanguage\":\"es\"},{\"@type\":\"Organization\",\"@id\":\"https:\/\/sport.mutuacat.org\/es\/#organization\",\"name\":\"Sport Mutuacat\",\"url\":\"https:\/\/sport.mutuacat.org\/es\/\",\"logo\":{\"@type\":\"ImageObject\",\"inLanguage\":\"es\",\"@id\":\"https:\/\/sport.mutuacat.org\/es\/#\/schema\/logo\/image\/\",\"url\":\"https:\/\/sport.mutuacat.org\/wp-content\/uploads\/2023\/12\/LogotipMutuacat-06-.png\",\"contentUrl\":\"https:\/\/sport.mutuacat.org\/wp-content\/uploads\/2023\/12\/LogotipMutuacat-06-.png\",\"width\":4697,\"height\":4028,\"caption\":\"Sport Mutuacat\"},\"image\":{\"@id\":\"https:\/\/sport.mutuacat.org\/es\/#\/schema\/logo\/image\/\"},\"sameAs\":[\"https:\/\/www.facebook.com\/mutuacat\",\"https:\/\/es.linkedin.com\/company\/mutuacat\",\"https:\/\/www.instagram.com\/mutuacat\/\"],\"publishingPrinciples\":\"https:\/\/sport.mutuacat.org\/\"},{\"@type\":\"Person\",\"@id\":\"https:\/\/sport.mutuacat.org\/es\/#\/schema\/person\/2c97f69b13a8f9223fe94ede54339ee7\",\"name\":\"Elena\",\"image\":{\"@type\":\"ImageObject\",\"inLanguage\":\"es\",\"@id\":\"https:\/\/sport.mutuacat.org\/es\/#\/schema\/person\/image\/\",\"url\":\"https:\/\/secure.gravatar.com\/avatar\/f67efd2fecacf28188ce252664f32f593c31836eb02de4724743c99ca5e52dda?s=96&d=mm&r=g\",\"contentUrl\":\"https:\/\/secure.gravatar.com\/avatar\/f67efd2fecacf28188ce252664f32f593c31836eb02de4724743c99ca5e52dda?s=96&d=mm&r=g\",\"caption\":\"Elena\"}}]}<\/script>\n<!-- \/ Yoast SEO Premium plugin. -->","yoast_head_json":{"title":"Un a\u00f1o m\u00e1s, con la Fiesta del Deporte Catal\u00e1n - Sport Mutuacat","description":"Mutuacat colabora con la Fiesta del Deporte Catal\u00e1n, organizada por la Uni\u00f3n de Federacoiones Deportivas de Catalu\u00f1a y el diario Sport.","robots":{"index":"index","follow":"follow","max-snippet":"max-snippet:-1","max-image-preview":"max-image-preview:large","max-video-preview":"max-video-preview:-1"},"canonical":"https:\/\/sport.mutuacat.org\/es\/actualidad\/un-ano-mas-con-la-fiesta-del-deporte-catalan\/","og_locale":"es_ES","og_type":"article","og_title":"Un a\u00f1o m\u00e1s, con la Fiesta del Deporte Catal\u00e1n","og_description":"Mutuacat colabora con la Fiesta del Deporte Catal\u00e1n, organizada por la Uni\u00f3n de Federacoiones Deportivas de Catalu\u00f1a y el diario Sport.","og_url":"https:\/\/sport.mutuacat.org\/es\/actualidad\/un-ano-mas-con-la-fiesta-del-deporte-catalan\/","og_site_name":"Sport Mutuacat","article_publisher":"https:\/\/www.facebook.com\/mutuacat","article_published_time":"2025-02-20T14:30:37+00:00","article_modified_time":"2025-03-21T09:19:18+00:00","og_image":[{"width":2560,"height":1706,"url":"https:\/\/sport.mutuacat.org\/wp-content\/uploads\/2025\/02\/FESTAESPCATALA.037-scaled.jpg","type":"image\/jpeg"}],"author":"Elena","twitter_card":"summary_large_image","twitter_misc":{"Escrito por":"Elena","Tiempo de lectura":"4 minutos"},"schema":{"@context":"https:\/\/schema.org","@graph":[{"@type":"Article","@id":"https:\/\/sport.mutuacat.org\/es\/actualidad\/un-ano-mas-con-la-fiesta-del-deporte-catalan\/#article","isPartOf":{"@id":"https:\/\/sport.mutuacat.org\/es\/actualidad\/un-ano-mas-con-la-fiesta-del-deporte-catalan\/"},"author":{"name":"Elena","@id":"https:\/\/sport.mutuacat.org\/es\/#\/schema\/person\/2c97f69b13a8f9223fe94ede54339ee7"},"headline":"Un a\u00f1o m\u00e1s, con la Fiesta del Deporte Catal\u00e1n","datePublished":"2025-02-20T14:30:37+00:00","dateModified":"2025-03-21T09:19:18+00:00","mainEntityOfPage":{"@id":"https:\/\/sport.mutuacat.org\/es\/actualidad\/un-ano-mas-con-la-fiesta-del-deporte-catalan\/"},"wordCount":622,"publisher":{"@id":"https:\/\/sport.mutuacat.org\/es\/#organization"},"image":{"@id":"https:\/\/sport.mutuacat.org\/es\/actualidad\/un-ano-mas-con-la-fiesta-del-deporte-catalan\/#primaryimage"},"thumbnailUrl":"https:\/\/sport.mutuacat.org\/wp-content\/uploads\/2025\/02\/FESTAESPCATALA.037-scaled.jpg","keywords":["deporte","deportistas","gala","premios","Sport","UFEC"],"articleSection":["Actualitat"],"inLanguage":"es"},{"@type":"WebPage","@id":"https:\/\/sport.mutuacat.org\/es\/actualidad\/un-ano-mas-con-la-fiesta-del-deporte-catalan\/","url":"https:\/\/sport.mutuacat.org\/es\/actualidad\/un-ano-mas-con-la-fiesta-del-deporte-catalan\/","name":"Un a\u00f1o m\u00e1s, con la Fiesta del Deporte Catal\u00e1n - Sport Mutuacat","isPartOf":{"@id":"https:\/\/sport.mutuacat.org\/es\/#website"},"primaryImageOfPage":{"@id":"https:\/\/sport.mutuacat.org\/es\/actualidad\/un-ano-mas-con-la-fiesta-del-deporte-catalan\/#primaryimage"},"image":{"@id":"https:\/\/sport.mutuacat.org\/es\/actualidad\/un-ano-mas-con-la-fiesta-del-deporte-catalan\/#primaryimage"},"thumbnailUrl":"https:\/\/sport.mutuacat.org\/wp-content\/uploads\/2025\/02\/FESTAESPCATALA.037-scaled.jpg","datePublished":"2025-02-20T14:30:37+00:00","dateModified":"2025-03-21T09:19:18+00:00","description":"Mutuacat colabora con la Fiesta del Deporte Catal\u00e1n, organizada por la Uni\u00f3n de Federacoiones Deportivas de Catalu\u00f1a y el diario Sport.","breadcrumb":{"@id":"https:\/\/sport.mutuacat.org\/es\/actualidad\/un-ano-mas-con-la-fiesta-del-deporte-catalan\/#breadcrumb"},"inLanguage":"es","potentialAction":[{"@type":"ReadAction","target":["https:\/\/sport.mutuacat.org\/es\/actualidad\/un-ano-mas-con-la-fiesta-del-deporte-catalan\/"]}]},{"@type":"ImageObject","inLanguage":"es","@id":"https:\/\/sport.mutuacat.org\/es\/actualidad\/un-ano-mas-con-la-fiesta-del-deporte-catalan\/#primaryimage","url":"https:\/\/sport.mutuacat.org\/wp-content\/uploads\/2025\/02\/FESTAESPCATALA.037-scaled.jpg","contentUrl":"https:\/\/sport.mutuacat.org\/wp-content\/uploads\/2025\/02\/FESTAESPCATALA.037-scaled.jpg","width":2560,"height":1706,"caption":"FESTA DE L\u2019ESPORT CATALA. FOTO: VALENTI ENRICH"},{"@type":"BreadcrumbList","@id":"https:\/\/sport.mutuacat.org\/es\/actualidad\/un-ano-mas-con-la-fiesta-del-deporte-catalan\/#breadcrumb","itemListElement":[{"@type":"ListItem","position":1,"name":"Inici","item":"https:\/\/sport.mutuacat.org\/es\/"},{"@type":"ListItem","position":2,"name":"Un a\u00f1o m\u00e1s, con la Fiesta del Deporte Catal\u00e1n"}]},{"@type":"WebSite","@id":"https:\/\/sport.mutuacat.org\/es\/#website","url":"https:\/\/sport.mutuacat.org\/es\/","name":"Sport Mutuacat","description":"Sport Mutuacat","publisher":{"@id":"https:\/\/sport.mutuacat.org\/es\/#organization"},"potentialAction":[{"@type":"SearchAction","target":{"@type":"EntryPoint","urlTemplate":"https:\/\/sport.mutuacat.org\/es\/?s={search_term_string}"},"query-input":{"@type":"PropertyValueSpecification","valueRequired":true,"valueName":"search_term_string"}}],"inLanguage":"es"},{"@type":"Organization","@id":"https:\/\/sport.mutuacat.org\/es\/#organization","name":"Sport Mutuacat","url":"https:\/\/sport.mutuacat.org\/es\/","logo":{"@type":"ImageObject","inLanguage":"es","@id":"https:\/\/sport.mutuacat.org\/es\/#\/schema\/logo\/image\/","url":"https:\/\/sport.mutuacat.org\/wp-content\/uploads\/2023\/12\/LogotipMutuacat-06-.png","contentUrl":"https:\/\/sport.mutuacat.org\/wp-content\/uploads\/2023\/12\/LogotipMutuacat-06-.png","width":4697,"height":4028,"caption":"Sport Mutuacat"},"image":{"@id":"https:\/\/sport.mutuacat.org\/es\/#\/schema\/logo\/image\/"},"sameAs":["https:\/\/www.facebook.com\/mutuacat","https:\/\/es.linkedin.com\/company\/mutuacat","https:\/\/www.instagram.com\/mutuacat\/"],"publishingPrinciples":"https:\/\/sport.mutuacat.org\/"},{"@type":"Person","@id":"https:\/\/sport.mutuacat.org\/es\/#\/schema\/person\/2c97f69b13a8f9223fe94ede54339ee7","name":"Elena","image":{"@type":"ImageObject","inLanguage":"es","@id":"https:\/\/sport.mutuacat.org\/es\/#\/schema\/person\/image\/","url":"https:\/\/secure.gravatar.com\/avatar\/f67efd2fecacf28188ce252664f32f593c31836eb02de4724743c99ca5e52dda?s=96&d=mm&r=g","contentUrl":"https:\/\/secure.gravatar.com\/avatar\/f67efd2fecacf28188ce252664f32f593c31836eb02de4724743c99ca5e52dda?s=96&d=mm&r=g","caption":"Elena"}}]}},"_links":{"self":[{"href":"https:\/\/sport.mutuacat.org\/es\/wp-json\/wp\/v2\/posts\/4926","targetHints":{"allow":["GET"]}}],"collection":[{"href":"https:\/\/sport.mutuacat.org\/es\/wp-json\/wp\/v2\/posts"}],"about":[{"href":"https:\/\/sport.mutuacat.org\/es\/wp-json\/wp\/v2\/types\/post"}],"author":[{"embeddable":true,"href":"https:\/\/sport.mutuacat.org\/es\/wp-json\/wp\/v2\/users\/4"}],"replies":[{"embeddable":true,"href":"https:\/\/sport.mutuacat.org\/es\/wp-json\/wp\/v2\/comments?post=4926"}],"version-history":[{"count":4,"href":"https:\/\/sport.mutuacat.org\/es\/wp-json\/wp\/v2\/posts\/4926\/revisions"}],"predecessor-version":[{"id":5141,"href":"https:\/\/sport.mutuacat.org\/es\/wp-json\/wp\/v2\/posts\/4926\/revisions\/5141"}],"wp:featuredmedia":[{"embeddable":true,"href":"https:\/\/sport.mutuacat.org\/es\/wp-json\/wp\/v2\/media\/4924"}],"wp:attachment":[{"href":"https:\/\/sport.mutuacat.org\/es\/wp-json\/wp\/v2\/media?parent=4926"}],"wp:term":[{"taxonomy":"category","embeddable":true,"href":"https:\/\/sport.mutuacat.org\/es\/wp-json\/wp\/v2\/categories?post=4926"},{"taxonomy":"post_tag","embeddable":true,"href":"https:\/\/sport.mutuacat.org\/es\/wp-json\/wp\/v2\/tags?post=4926"}],"curies":[{"name":"wp","href":"https:\/\/api.w.org\/{rel}","templated":true}]}}