{"id":3898,"date":"2024-06-17T13:05:35","date_gmt":"2024-06-17T11:05:35","guid":{"rendered":"http:\/\/test.sport.mutuacat.org\/mutuacat-en-el-campeonato-de-cataluna-de-atletismo\/"},"modified":"2024-11-25T08:54:46","modified_gmt":"2024-11-25T07:54:46","slug":"campeonato-atletismo","status":"publish","type":"post","link":"https:\/\/sport.mutuacat.org\/es\/actualidad\/campeonato-atletismo\/","title":{"rendered":"Mutuacat en el Campeonato de Catalu\u00f1a de Atletismo"},"content":{"rendered":"\t\t<div data-elementor-type=\"wp-post\" data-elementor-id=\"3898\" class=\"elementor elementor-3898 elementor-3789\" data-elementor-post-type=\"post\">\n\t\t\t\t\t\t<section class=\"elementor-section elementor-top-section elementor-element elementor-element-368efd19 elementor-section-height-min-height elementor-section-boxed elementor-section-height-default elementor-section-items-middle\" data-id=\"368efd19\" data-element_type=\"section\" data-e-type=\"section\" data-settings=\"{&quot;background_background&quot;:&quot;classic&quot;}\">\n\t\t\t\t\t\t\t<div class=\"elementor-background-overlay\"><\/div>\n\t\t\t\t\t\t\t<div class=\"elementor-container elementor-column-gap-default\">\n\t\t\t\t\t<div class=\"elementor-column elementor-col-100 elementor-top-column elementor-element elementor-element-1fde62cf\" data-id=\"1fde62cf\" data-element_type=\"column\" data-e-type=\"column\">\n\t\t\t<div class=\"elementor-widget-wrap elementor-element-populated\">\n\t\t\t\t\t\t<div class=\"elementor-element elementor-element-22698965 de_scroll_animation_no elementor-invisible elementor-widget elementor-widget-heading\" data-id=\"22698965\" data-element_type=\"widget\" data-e-type=\"widget\" data-settings=\"{&quot;_animation&quot;:&quot;fadeIn&quot;}\" data-widget_type=\"heading.default\">\n\t\t\t\t<div class=\"elementor-widget-container\">\n\t\t\t\t\t<h2 class=\"elementor-heading-title elementor-size-default\">Actualidad<\/h2>\t\t\t\t<\/div>\n\t\t\t\t<\/div>\n\t\t\t\t<div class=\"elementor-element elementor-element-515616b2 elementor-icon-list--layout-inline elementor-align-center elementor-list-item-link-full_width de_scroll_animation_no elementor-invisible elementor-widget elementor-widget-icon-list\" data-id=\"515616b2\" data-element_type=\"widget\" data-e-type=\"widget\" data-settings=\"{&quot;_animation&quot;:&quot;fadeIn&quot;,&quot;_animation_delay&quot;:200}\" data-widget_type=\"icon-list.default\">\n\t\t\t\t<div class=\"elementor-widget-container\">\n\t\t\t\t\t\t\t<ul class=\"elementor-icon-list-items elementor-inline-items\">\n\t\t\t\t\t\t\t<li class=\"elementor-icon-list-item elementor-inline-item\">\n\t\t\t\t\t\t\t\t\t\t\t<a href=\"https:\/\/sport.mutuacat.org\/es\/\">\n\n\t\t\t\t\t\t\t\t\t\t\t<span class=\"elementor-icon-list-text\">Inicio<\/span>\n\t\t\t\t\t\t\t\t\t\t\t<\/a>\n\t\t\t\t\t\t\t\t\t<\/li>\n\t\t\t\t\t\t\t\t<li class=\"elementor-icon-list-item elementor-inline-item\">\n\t\t\t\t\t\t\t\t\t\t\t<span class=\"elementor-icon-list-icon\">\n\t\t\t\t\t\t\t<i aria-hidden=\"true\" class=\"icon icon-right-arrow1\"><\/i>\t\t\t\t\t\t<\/span>\n\t\t\t\t\t\t\t\t\t\t<span class=\"elementor-icon-list-text\">Noticias<\/span>\n\t\t\t\t\t\t\t\t\t<\/li>\n\t\t\t\t\t\t<\/ul>\n\t\t\t\t\t\t<\/div>\n\t\t\t\t<\/div>\n\t\t\t\t\t<\/div>\n\t\t<\/div>\n\t\t\t\t\t<\/div>\n\t\t<\/section>\n\t\t\t\t<section class=\"elementor-section elementor-top-section elementor-element elementor-element-2026e5f elementor-section-boxed elementor-section-height-default elementor-section-height-default\" data-id=\"2026e5f\" data-element_type=\"section\" data-e-type=\"section\">\n\t\t\t\t\t\t<div class=\"elementor-container elementor-column-gap-default\">\n\t\t\t\t\t<div class=\"elementor-column elementor-col-50 elementor-top-column elementor-element elementor-element-228288a1 elementor-invisible\" data-id=\"228288a1\" data-element_type=\"column\" data-e-type=\"column\" data-settings=\"{&quot;animation&quot;:&quot;fadeIn&quot;,&quot;animation_delay&quot;:200}\">\n\t\t\t<div class=\"elementor-widget-wrap elementor-element-populated\">\n\t\t\t\t\t\t<div class=\"elementor-element elementor-element-1db4c246 de_scroll_animation_no elementor-widget elementor-widget-post-featured-image\" data-id=\"1db4c246\" data-element_type=\"widget\" data-e-type=\"widget\" data-widget_type=\"post-featured-image.default\">\n\t\t\t\t<div class=\"elementor-widget-container\">\n\t\t\t\t\t<div class=\"press-elements-featured-image \"><img fetchpriority=\"high\" decoding=\"async\" width=\"940\" height=\"788\" src=\"https:\/\/sport.mutuacat.org\/wp-content\/uploads\/2024\/06\/Campionat-de-Catalunya-dAtletisme.png\" class=\"attachment-full size-full wp-post-image\" alt=\"Atletes corrent en el Campionat de Catalunya d&#039;Atletisme\" srcset=\"https:\/\/sport.mutuacat.org\/wp-content\/uploads\/2024\/06\/Campionat-de-Catalunya-dAtletisme.png 940w, https:\/\/sport.mutuacat.org\/wp-content\/uploads\/2024\/06\/Campionat-de-Catalunya-dAtletisme-300x251.png 300w, https:\/\/sport.mutuacat.org\/wp-content\/uploads\/2024\/06\/Campionat-de-Catalunya-dAtletisme-768x644.png 768w\" sizes=\"(max-width: 940px) 100vw, 940px\" \/><\/div>\t\t\t\t<\/div>\n\t\t\t\t<\/div>\n\t\t\t\t<div class=\"elementor-element elementor-element-299b9f7a elementor-widget__width-auto de_scroll_animation_no elementor-widget elementor-widget-post-date\" data-id=\"299b9f7a\" data-element_type=\"widget\" data-e-type=\"widget\" data-widget_type=\"post-date.default\">\n\t\t\t\t<div class=\"elementor-widget-container\">\n\t\t\t\t\t<p class=\"press-elements-date \">17\/06\/2024<\/p>\t\t\t\t<\/div>\n\t\t\t\t<\/div>\n\t\t\t\t<div class=\"elementor-element elementor-element-1a2fbe1c elementor-widget__width-auto de_scroll_animation_no elementor-widget elementor-widget-post-terms\" data-id=\"1a2fbe1c\" data-element_type=\"widget\" data-e-type=\"widget\" data-widget_type=\"post-terms.default\">\n\t\t\t\t<div class=\"elementor-widget-container\">\n\t\t\t\t\t<p class=\"press-elements-terms \">Actualidad<\/p>\t\t\t\t<\/div>\n\t\t\t\t<\/div>\n\t\t\t\t<div class=\"elementor-element elementor-element-47b1f174 de_scroll_animation_no elementor-widget elementor-widget-dt-post-title\" data-id=\"47b1f174\" data-element_type=\"widget\" data-e-type=\"widget\" data-widget_type=\"dt-post-title.default\">\n\t\t\t\t<div class=\"elementor-widget-container\">\n\t\t\t\t\t<h2 class=\"dt-post-title \">Mutuacat en el Campeonato de Catalu\u00f1a de Atletismo<\/h2>\t\t\t\t<\/div>\n\t\t\t\t<\/div>\n\t\t\t\t<div class=\"elementor-element elementor-element-6122b6b5 de_scroll_animation_no elementor-widget elementor-widget-post-excerpt\" data-id=\"6122b6b5\" data-element_type=\"widget\" data-e-type=\"widget\" data-widget_type=\"post-excerpt.default\">\n\t\t\t\t<div class=\"elementor-widget-container\">\n\t\t\t\t\t<p class=\"press-elements-excerpt \">Durante los d\u00edas 15 y 16 de junio, se celebr\u00f3 en el estadio del Nou Congost de Manresa el Campeonato de Catalu\u00f1a de Atletismo.<\/p>\t\t\t\t<\/div>\n\t\t\t\t<\/div>\n\t\t\t\t<div class=\"elementor-element elementor-element-35a45f1d de_scroll_animation_no elementor-widget elementor-widget-text-editor\" data-id=\"35a45f1d\" data-element_type=\"widget\" data-e-type=\"widget\" data-widget_type=\"text-editor.default\">\n\t\t\t\t<div class=\"elementor-widget-container\">\n\t\t\t\t\t\t\t\t\t<p>Durante los d\u00edas 15 y 16 de junio, se celebr\u00f3 en el estadio del Nou Congost de Manresa el Campeonato de Catalu\u00f1a de Atletismo. Este evento deportivo de primer nivel ha reunido a los mejores atletas catalanes.<\/p>\n<p><a href=\"https:\/\/sport.mutuacat.org\/\">Mutuacat<\/a>, como patrocinadora oficial de la <a href=\"https:\/\/fcatletisme.cat\/\">Federaci\u00f3 Catalana d\u2019Atletisme<\/a>, ha acudido a esta cita. De esta forma ha reafirmado una vez m\u00e1s su compromiso con el fomento del deporte y la salud. \u00d2scar Bolancell, responsable de venta directa de Mutuacat, ha representado a la aseguradora en la tribuna y en la entrega de medallas. De este modo ha podido felicitar personalmente a los ganadores y ganadoras por su excelente actuaci\u00f3n.<\/p>\n<p>\u201cPara Mutuacat es un orgullo patrocinar a la Federaci\u00f3n Catalana de Atletismo y apoyar un evento como el Campeonato de Catalu\u00f1a de Atletismo\u201d, afirmaba Bolancell. \u201cEl deporte es un pilar fundamental para la salud y bienestar de las personas . Y desde Mutuacat queremos contribuir a que todo el mundo pueda disfrutar de sus beneficios\u201d.<\/p>\n<p>Sin duda, el Campeonato de Atletismo fue un \u00e9xito rotundo, con atletas de primer nivel y un p\u00fablico entregado, dispuesto a animar a los participantes apasionadamente. La competici\u00f3n ha ofrecido momentos de alta tensi\u00f3n y emoci\u00f3n, y un r\u00e9cord de Catalunya en los relevos.<\/p>\n<p>Mutuacat, como empresa comprometida con la sociedad, seguir\u00e1 apoyando el deporte y la Federaci\u00f3n Catalana de Atletismo en el futuro, para promover la salud y el bienestar de los ciudadanos.<\/p>\n\t\t\t\t\t\t\t\t<\/div>\n\t\t\t\t<\/div>\n\t\t\t\t<section class=\"elementor-section elementor-inner-section elementor-element elementor-element-1becdbdc elementor-section-boxed elementor-section-height-default elementor-section-height-default\" data-id=\"1becdbdc\" data-element_type=\"section\" data-e-type=\"section\">\n\t\t\t\t\t\t<div class=\"elementor-container elementor-column-gap-default\">\n\t\t\t\t\t<div class=\"elementor-column elementor-col-50 elementor-inner-column elementor-element elementor-element-36acabb7\" data-id=\"36acabb7\" data-element_type=\"column\" data-e-type=\"column\">\n\t\t\t<div class=\"elementor-widget-wrap elementor-element-populated\">\n\t\t\t\t\t\t<div class=\"elementor-element elementor-element-7ab15212 elementor-widget__width-auto de_scroll_animation_no elementor-widget elementor-widget-text-editor\" data-id=\"7ab15212\" data-element_type=\"widget\" data-e-type=\"widget\" data-widget_type=\"text-editor.default\">\n\t\t\t\t<div class=\"elementor-widget-container\">\n\t\t\t\t\t\t\t\t\t<p>Etiquetas: <\/p>\n\t\t\t\t\t\t\t\t<\/div>\n\t\t\t\t<\/div>\n\t\t\t\t<div class=\"elementor-element elementor-element-763cee83 elementor-widget__width-auto de_scroll_animation_no elementor-widget elementor-widget-post-terms\" data-id=\"763cee83\" data-element_type=\"widget\" data-e-type=\"widget\" data-widget_type=\"post-terms.default\">\n\t\t\t\t<div class=\"elementor-widget-container\">\n\t\t\t\t\t<p class=\"press-elements-terms \">Atletismo, Campeonato de Catalu\u00f1a, FCA<\/p>\t\t\t\t<\/div>\n\t\t\t\t<\/div>\n\t\t\t\t\t<\/div>\n\t\t<\/div>\n\t\t\t\t<div class=\"elementor-column elementor-col-50 elementor-inner-column elementor-element elementor-element-4f4d654c\" data-id=\"4f4d654c\" data-element_type=\"column\" data-e-type=\"column\">\n\t\t\t<div class=\"elementor-widget-wrap\">\n\t\t\t\t\t\t\t<\/div>\n\t\t<\/div>\n\t\t\t\t\t<\/div>\n\t\t<\/section>\n\t\t\t\t\t<\/div>\n\t\t<\/div>\n\t\t\t\t<div class=\"elementor-column elementor-col-50 elementor-top-column elementor-element elementor-element-4c6f3b3d elementor-invisible\" data-id=\"4c6f3b3d\" data-element_type=\"column\" data-e-type=\"column\" data-settings=\"{&quot;animation&quot;:&quot;fadeIn&quot;,&quot;animation_delay&quot;:400}\">\n\t\t\t<div class=\"elementor-widget-wrap elementor-element-populated\">\n\t\t\t\t\t\t<section class=\"elementor-section elementor-inner-section elementor-element elementor-element-182bc413 elementor-section-boxed elementor-section-height-default elementor-section-height-default\" data-id=\"182bc413\" data-element_type=\"section\" data-e-type=\"section\">\n\t\t\t\t\t\t<div class=\"elementor-container elementor-column-gap-default\">\n\t\t\t\t\t<div class=\"elementor-column elementor-col-100 elementor-inner-column elementor-element elementor-element-5acaa3cb\" data-id=\"5acaa3cb\" data-element_type=\"column\" data-e-type=\"column\">\n\t\t\t<div class=\"elementor-widget-wrap elementor-element-populated\">\n\t\t\t\t\t\t<div class=\"elementor-element elementor-element-19427de8 de_scroll_animation_no elementor-widget elementor-widget-heading\" data-id=\"19427de8\" data-element_type=\"widget\" data-e-type=\"widget\" data-widget_type=\"heading.default\">\n\t\t\t\t<div class=\"elementor-widget-container\">\n\t\t\t\t\t<h3 class=\"elementor-heading-title elementor-size-default\">Qui\u00e9nes somos<\/h3>\t\t\t\t<\/div>\n\t\t\t\t<\/div>\n\t\t\t\t<div class=\"elementor-element elementor-element-2c333700 elementor-widget-divider--view-line de_scroll_animation_no elementor-widget elementor-widget-divider\" data-id=\"2c333700\" data-element_type=\"widget\" data-e-type=\"widget\" data-widget_type=\"divider.default\">\n\t\t\t\t<div class=\"elementor-widget-container\">\n\t\t\t\t\t\t\t<div class=\"elementor-divider\">\n\t\t\t<span class=\"elementor-divider-separator\">\n\t\t\t\t\t\t<\/span>\n\t\t<\/div>\n\t\t\t\t\t\t<\/div>\n\t\t\t\t<\/div>\n\t\t\t\t<div class=\"elementor-element elementor-element-78452173 de_scroll_animation_no elementor-widget elementor-widget-text-editor\" data-id=\"78452173\" data-element_type=\"widget\" data-e-type=\"widget\" data-widget_type=\"text-editor.default\">\n\t\t\t\t<div class=\"elementor-widget-container\">\n\t\t\t\t\t\t\t\t\t<p>Somos la asseguradora del deporte!<\/p><p><span style=\"color: var( --e-global-color-text ); font-family: var( --e-global-typography-text-font-family ), Sans-serif; font-size: var( --e-global-typography-text-font-size ); font-weight: var( --e-global-typography-text-font-weight ); text-transform: var( --e-global-typography-text-text-transform );\">Cubrimos los accidentes deportivos de federaciones de todo el Estado, consejos deportivos, ligas de f\u00fatbol y baloncesto (no federado), gimnasios, piscinas, grupos deportivos, carreras populares.<\/span><\/p>\n<p>\u00a1Disfruta de la tranquilidad de confiar en una mutualidad \u00e9tica y cercana, que siempre estar\u00e1 a tu lado!<\/p>\t\t\t\t\t\t\t\t<\/div>\n\t\t\t\t<\/div>\n\t\t\t\t<div class=\"elementor-element elementor-element-552dd675 de_scroll_animation_no elementor-widget elementor-widget-elementskit-header-info\" data-id=\"552dd675\" data-element_type=\"widget\" data-e-type=\"widget\" data-widget_type=\"elementskit-header-info.default\">\n\t\t\t\t<div class=\"elementor-widget-container\">\n\t\t\t\t\t<div class=\"ekit-wid-con\" >        <ul class=\"ekit-header-info\">\n                                    <li>\n                            <a href=\"mailto:sport@mutuacat.org\" target=\"_blank\" rel=\"nofollow\"> \n                                                                sport@mutuacat.cat                            <\/a>\n                        <\/li>\n\n                            <\/ul>\n        <\/div>\t\t\t\t<\/div>\n\t\t\t\t<\/div>\n\t\t\t\t<div class=\"elementor-element elementor-element-7f9250a3 de_scroll_animation_no elementor-widget elementor-widget-elementskit-header-info\" data-id=\"7f9250a3\" data-element_type=\"widget\" data-e-type=\"widget\" data-widget_type=\"elementskit-header-info.default\">\n\t\t\t\t<div class=\"elementor-widget-container\">\n\t\t\t\t\t<div class=\"ekit-wid-con\" >        <ul class=\"ekit-header-info\">\n                                    <li>\n                            <a href=\"tel:902490480\" target=\"_blank\" rel=\"nofollow\"> \n                                                                902 490 480                            <\/a>\n                        <\/li>\n\n                            <\/ul>\n        <\/div>\t\t\t\t<\/div>\n\t\t\t\t<\/div>\n\t\t\t\t\t<\/div>\n\t\t<\/div>\n\t\t\t\t\t<\/div>\n\t\t<\/section>\n\t\t\t\t<section class=\"elementor-section elementor-inner-section elementor-element elementor-element-1468777e elementor-section-boxed elementor-section-height-default elementor-section-height-default\" data-id=\"1468777e\" data-element_type=\"section\" data-e-type=\"section\">\n\t\t\t\t\t\t<div class=\"elementor-container elementor-column-gap-default\">\n\t\t\t\t\t<div class=\"elementor-column elementor-col-100 elementor-inner-column elementor-element elementor-element-234b25b9\" data-id=\"234b25b9\" data-element_type=\"column\" data-e-type=\"column\">\n\t\t\t<div class=\"elementor-widget-wrap elementor-element-populated\">\n\t\t\t\t\t\t<div class=\"elementor-element elementor-element-9cc4957 de_scroll_animation_no elementor-widget elementor-widget-heading\" data-id=\"9cc4957\" data-element_type=\"widget\" data-e-type=\"widget\" data-widget_type=\"heading.default\">\n\t\t\t\t<div class=\"elementor-widget-container\">\n\t\t\t\t\t<h3 class=\"elementor-heading-title elementor-size-default\">\u00daltimos art\u00edculos<\/h3>\t\t\t\t<\/div>\n\t\t\t\t<\/div>\n\t\t\t\t<div class=\"elementor-element elementor-element-33c61796 elementor-widget-divider--view-line de_scroll_animation_no elementor-widget elementor-widget-divider\" data-id=\"33c61796\" data-element_type=\"widget\" data-e-type=\"widget\" data-widget_type=\"divider.default\">\n\t\t\t\t<div class=\"elementor-widget-container\">\n\t\t\t\t\t\t\t<div class=\"elementor-divider\">\n\t\t\t<span class=\"elementor-divider-separator\">\n\t\t\t\t\t\t<\/span>\n\t\t<\/div>\n\t\t\t\t\t\t<\/div>\n\t\t\t\t<\/div>\n\t\t\t\t<div class=\"elementor-element elementor-element-283329a8 de_scroll_animation_no elementor-widget elementor-widget-elementskit-post-list\" data-id=\"283329a8\" data-element_type=\"widget\" data-e-type=\"widget\" data-widget_type=\"elementskit-post-list.default\">\n\t\t\t\t<div class=\"elementor-widget-container\">\n\t\t\t\t\t<div class=\"ekit-wid-con\" >\t\t<ul class=\"elementor-icon-list-items ekit-post-list-wrapper \">\n\t\t\t\t\t\t<li class=\"elementor-icon-list-item   \">\n\t\t\t\t<a href=\"https:\/\/sport.mutuacat.org\/es\/actualidad\/mutuacat-en-la-presentacion-de-esport-k\/\" >\n\t\t\t\t\t<img decoding=\"async\" width=\"300\" height=\"300\" src=\"https:\/\/sport.mutuacat.org\/wp-content\/uploads\/2026\/03\/Presentacio-Esport-K-300x300.jpeg\" class=\"attachment-medium size-medium wp-post-image\" alt=\"Leo Mart\u00ednes, de mutuacat entre Pitu Gonzalez i S\u00edlvia P\u00e9rez de l CEEB\" srcset=\"https:\/\/sport.mutuacat.org\/wp-content\/uploads\/2026\/03\/Presentacio-Esport-K-300x300.jpeg 300w, https:\/\/sport.mutuacat.org\/wp-content\/uploads\/2026\/03\/Presentacio-Esport-K-1024x1024.jpeg 1024w, https:\/\/sport.mutuacat.org\/wp-content\/uploads\/2026\/03\/Presentacio-Esport-K-150x150.jpeg 150w, https:\/\/sport.mutuacat.org\/wp-content\/uploads\/2026\/03\/Presentacio-Esport-K-768x768.jpeg 768w, https:\/\/sport.mutuacat.org\/wp-content\/uploads\/2026\/03\/Presentacio-Esport-K-1536x1536.jpeg 1536w, https:\/\/sport.mutuacat.org\/wp-content\/uploads\/2026\/03\/Presentacio-Esport-K.jpeg 2047w\" sizes=\"(max-width: 300px) 100vw, 300px\" \/>\t\t\t\t\t<div class=\"ekit_post_list_content_wraper\">\n\t\t\t\t\t\t\t\t\t\t\t\t\t\t\t\t\t\t<div class=\"meta-lists\">\n\t\t\t\t\t\t\t\t\t\t\t\t\t\t<span class=\"meta-date\">\n\n\t\t\t\t\t\t\t\t\n\t\t\t\t\t\t\t\t19 Feb 2026\t\t\t\t\t\t\t<\/span>\n\t\t\t\t\t\t\t\n\t\t\t\t\t\t\t\t\t\t\t\t\t<\/div>\n\t\t\t\t\t\t\n\t\t\t\t\t\t<span class=\"elementor-icon-list-text\">Mutuacat, en la presentaci\u00f3n de Esport K<\/span>\n\n\t\t\t\t\t\t\t\t\t\t\t<\/div>\n\t\t\t\t<\/a>\n\t\t\t<\/li>\n\t\t\t\t\t<li class=\"elementor-icon-list-item   \">\n\t\t\t\t<a href=\"https:\/\/sport.mutuacat.org\/es\/actualidad\/mutuacat-en-la-fiesta-del-deporte-catalan\/\" >\n\t\t\t\t\t<img decoding=\"async\" width=\"300\" height=\"251\" src=\"https:\/\/sport.mutuacat.org\/wp-content\/uploads\/2026\/01\/Festa-de-lEsport-Catala-Premi-millor-gestio-federativa-300x251.png\" class=\"attachment-medium size-medium wp-post-image\" alt=\"Festa de l&#039;Esport Catal\u00e0 -\" srcset=\"https:\/\/sport.mutuacat.org\/wp-content\/uploads\/2026\/01\/Festa-de-lEsport-Catala-Premi-millor-gestio-federativa-300x251.png 300w, https:\/\/sport.mutuacat.org\/wp-content\/uploads\/2026\/01\/Festa-de-lEsport-Catala-Premi-millor-gestio-federativa-768x644.png 768w, https:\/\/sport.mutuacat.org\/wp-content\/uploads\/2026\/01\/Festa-de-lEsport-Catala-Premi-millor-gestio-federativa.png 940w\" sizes=\"(max-width: 300px) 100vw, 300px\" \/>\t\t\t\t\t<div class=\"ekit_post_list_content_wraper\">\n\t\t\t\t\t\t\t\t\t\t\t\t\t\t\t\t\t\t<div class=\"meta-lists\">\n\t\t\t\t\t\t\t\t\t\t\t\t\t\t<span class=\"meta-date\">\n\n\t\t\t\t\t\t\t\t\n\t\t\t\t\t\t\t\t27 Ene 2026\t\t\t\t\t\t\t<\/span>\n\t\t\t\t\t\t\t\n\t\t\t\t\t\t\t\t\t\t\t\t\t<\/div>\n\t\t\t\t\t\t\n\t\t\t\t\t\t<span class=\"elementor-icon-list-text\">Mutuacat en la Fiesta del Deporte Catal\u00e1n<\/span>\n\n\t\t\t\t\t\t\t\t\t\t\t<\/div>\n\t\t\t\t<\/a>\n\t\t\t<\/li>\n\t\t\t\t\t<li class=\"elementor-icon-list-item   \">\n\t\t\t\t<a href=\"https:\/\/sport.mutuacat.org\/es\/actualidad\/miting-internacional-cataluna-atletismo\/\" >\n\t\t\t\t\t<img loading=\"lazy\" decoding=\"async\" width=\"300\" height=\"251\" src=\"https:\/\/sport.mutuacat.org\/wp-content\/uploads\/2026\/01\/Miting-Internacional-Catalunya-dAtletisme-300x251.png\" class=\"attachment-medium size-medium wp-post-image\" alt=\"M\u00edting Internacional Catalunya d&#039;atletisme- Un atleta mostra el trofeu que i ha lliurat Sergi Maci\u00e0, directorgeneral de Mutuacat\" srcset=\"https:\/\/sport.mutuacat.org\/wp-content\/uploads\/2026\/01\/Miting-Internacional-Catalunya-dAtletisme-300x251.png 300w, https:\/\/sport.mutuacat.org\/wp-content\/uploads\/2026\/01\/Miting-Internacional-Catalunya-dAtletisme-768x644.png 768w, https:\/\/sport.mutuacat.org\/wp-content\/uploads\/2026\/01\/Miting-Internacional-Catalunya-dAtletisme.png 940w\" sizes=\"(max-width: 300px) 100vw, 300px\" \/>\t\t\t\t\t<div class=\"ekit_post_list_content_wraper\">\n\t\t\t\t\t\t\t\t\t\t\t\t\t\t\t\t\t\t<div class=\"meta-lists\">\n\t\t\t\t\t\t\t\t\t\t\t\t\t\t<span class=\"meta-date\">\n\n\t\t\t\t\t\t\t\t\n\t\t\t\t\t\t\t\t26 Ene 2026\t\t\t\t\t\t\t<\/span>\n\t\t\t\t\t\t\t\n\t\t\t\t\t\t\t\t\t\t\t\t\t<\/div>\n\t\t\t\t\t\t\n\t\t\t\t\t\t<span class=\"elementor-icon-list-text\">Mutuacat reafirma su compromiso con el atletismo en la 11\u00aa edici\u00f3n del M\u00edting Internacional Catalu\u00f1a<\/span>\n\n\t\t\t\t\t\t\t\t\t\t\t<\/div>\n\t\t\t\t<\/a>\n\t\t\t<\/li>\n\t\t\t\t<\/ul>\n\t\t<\/div>\t\t\t\t<\/div>\n\t\t\t\t<\/div>\n\t\t\t\t\t<\/div>\n\t\t<\/div>\n\t\t\t\t\t<\/div>\n\t\t<\/section>\n\t\t\t\t<section class=\"elementor-section elementor-inner-section elementor-element elementor-element-50d4423c elementor-section-boxed elementor-section-height-default elementor-section-height-default\" data-id=\"50d4423c\" data-element_type=\"section\" data-e-type=\"section\" data-settings=\"{&quot;background_background&quot;:&quot;classic&quot;}\">\n\t\t\t\t\t\t\t<div class=\"elementor-background-overlay\"><\/div>\n\t\t\t\t\t\t\t<div class=\"elementor-container elementor-column-gap-default\">\n\t\t\t\t\t<div class=\"elementor-column elementor-col-100 elementor-inner-column elementor-element elementor-element-4785de99\" data-id=\"4785de99\" data-element_type=\"column\" data-e-type=\"column\">\n\t\t\t<div class=\"elementor-widget-wrap elementor-element-populated\">\n\t\t\t\t\t\t<div class=\"elementor-element elementor-element-1b5cef4e de_scroll_animation_no elementor-widget elementor-widget-heading\" data-id=\"1b5cef4e\" data-element_type=\"widget\" data-e-type=\"widget\" data-widget_type=\"heading.default\">\n\t\t\t\t<div class=\"elementor-widget-container\">\n\t\t\t\t\t<h3 class=\"elementor-heading-title elementor-size-default\">Contacto<\/h3>\t\t\t\t<\/div>\n\t\t\t\t<\/div>\n\t\t\t\t<div class=\"elementor-element elementor-element-77428baa elementor-widget-divider--view-line de_scroll_animation_no elementor-widget elementor-widget-divider\" data-id=\"77428baa\" data-element_type=\"widget\" data-e-type=\"widget\" data-widget_type=\"divider.default\">\n\t\t\t\t<div class=\"elementor-widget-container\">\n\t\t\t\t\t\t\t<div class=\"elementor-divider\">\n\t\t\t<span class=\"elementor-divider-separator\">\n\t\t\t\t\t\t<\/span>\n\t\t<\/div>\n\t\t\t\t\t\t<\/div>\n\t\t\t\t<\/div>\n\t\t\t\t<div class=\"elementor-element elementor-element-9b2fc07 de_scroll_animation_no elementor-widget elementor-widget-text-editor\" data-id=\"9b2fc07\" data-element_type=\"widget\" data-e-type=\"widget\" data-widget_type=\"text-editor.default\">\n\t\t\t\t<div class=\"elementor-widget-container\">\n\t\t\t\t\t\t\t\t\t<p>\u00bfQuieres informaci\u00f3n sobre nuestros seguros deportivos y de ocio y tiempo libre?<\/p>\n\t\t\t\t\t\t\t\t<\/div>\n\t\t\t\t<\/div>\n\t\t\t\t<div class=\"elementor-element elementor-element-1c7c18f6 elementor-align-left de_scroll_animation_no elementor-widget elementor-widget-button\" data-id=\"1c7c18f6\" data-element_type=\"widget\" data-e-type=\"widget\" data-widget_type=\"button.default\">\n\t\t\t\t<div class=\"elementor-widget-container\">\n\t\t\t\t\t\t\t\t\t<div class=\"elementor-button-wrapper\">\n\t\t\t\t\t<a class=\"elementor-button elementor-button-link elementor-size-sm\" href=\"http:\/\/sport.mutuacat.org\/es\/contacto\/\">\n\t\t\t\t\t\t<span class=\"elementor-button-content-wrapper\">\n\t\t\t\t\t\t<span class=\"elementor-button-icon\">\n\t\t\t\t<i aria-hidden=\"true\" class=\"icon icon-comment1\"><\/i>\t\t\t<\/span>\n\t\t\t\t\t\t\t\t\t<span class=\"elementor-button-text\">M\u00e1ndanos un mensaje<\/span>\n\t\t\t\t\t<\/span>\n\t\t\t\t\t<\/a>\n\t\t\t\t<\/div>\n\t\t\t\t\t\t\t\t<\/div>\n\t\t\t\t<\/div>\n\t\t\t\t\t<\/div>\n\t\t<\/div>\n\t\t\t\t\t<\/div>\n\t\t<\/section>\n\t\t\t\t\t<\/div>\n\t\t<\/div>\n\t\t\t\t\t<\/div>\n\t\t<\/section>\n\t\t\t\t<section class=\"elementor-section elementor-top-section elementor-element elementor-element-3d82cc46 elementor-hidden-desktop elementor-hidden-tablet elementor-hidden-mobile elementor-section-boxed elementor-section-height-default elementor-section-height-default\" data-id=\"3d82cc46\" data-element_type=\"section\" data-e-type=\"section\" data-settings=\"{&quot;background_background&quot;:&quot;classic&quot;}\">\n\t\t\t\t\t\t<div class=\"elementor-container elementor-column-gap-default\">\n\t\t\t\t\t<div class=\"elementor-column elementor-col-100 elementor-top-column elementor-element elementor-element-39d7b68\" data-id=\"39d7b68\" data-element_type=\"column\" data-e-type=\"column\">\n\t\t\t<div class=\"elementor-widget-wrap elementor-element-populated\">\n\t\t\t\t\t\t<div class=\"elementor-element elementor-element-1e633c18 de_scroll_animation_no elementor-invisible elementor-widget elementor-widget-text-editor\" data-id=\"1e633c18\" data-element_type=\"widget\" data-e-type=\"widget\" data-settings=\"{&quot;_animation&quot;:&quot;fadeIn&quot;}\" data-widget_type=\"text-editor.default\">\n\t\t\t\t<div class=\"elementor-widget-container\">\n\t\t\t\t\t\t\t\t\t<p>Noticias<\/p>\n\t\t\t\t\t\t\t\t<\/div>\n\t\t\t\t<\/div>\n\t\t\t\t<div class=\"elementor-element elementor-element-74de1675 de_scroll_animation_no elementor-invisible elementor-widget elementor-widget-heading\" data-id=\"74de1675\" data-element_type=\"widget\" data-e-type=\"widget\" data-settings=\"{&quot;_animation&quot;:&quot;fadeIn&quot;,&quot;_animation_delay&quot;:200}\" data-widget_type=\"heading.default\">\n\t\t\t\t<div class=\"elementor-widget-container\">\n\t\t\t\t\t<h2 class=\"elementor-heading-title elementor-size-default\">Subscribe to our newsletter<\/h2>\t\t\t\t<\/div>\n\t\t\t\t<\/div>\n\t\t\t\t<div class=\"elementor-element elementor-element-18fcde51 ekit_wpForms_container-form-button-custom de_scroll_animation_no elementor-invisible elementor-widget elementor-widget-elementskit-wp-forms\" data-id=\"18fcde51\" data-element_type=\"widget\" data-e-type=\"widget\" data-settings=\"{&quot;_animation&quot;:&quot;fadeIn&quot;,&quot;_animation_delay&quot;:400}\" data-widget_type=\"elementskit-wp-forms.default\">\n\t\t\t\t<div class=\"elementor-widget-container\">\n\t\t\t\t\t<div class=\"ekit-wid-con ekit_wpForms_container\">[wpforms id=\"468\"]<\/div>\t\t\t\t<\/div>\n\t\t\t\t<\/div>\n\t\t\t\t\t<\/div>\n\t\t<\/div>\n\t\t\t\t\t<\/div>\n\t\t<\/section>\n\t\t\t\t<\/div>\n\t\t","protected":false},"excerpt":{"rendered":"<p>Durante los d\u00edas 15 y 16 de junio, se celebr\u00f3 en el estadio del Nou Congost de Manresa el Campeonato de Catalu\u00f1a de Atletismo.<\/p>\n","protected":false},"author":4,"featured_media":3711,"comment_status":"open","ping_status":"closed","sticky":false,"template":"","format":"standard","meta":{"footnotes":""},"categories":[44],"tags":[61,62,60],"class_list":["post-3898","post","type-post","status-publish","format-standard","has-post-thumbnail","hentry","category-actualidad","tag-atletismo","tag-campeonato-de-cataluna","tag-fca-es"],"yoast_head":"<!-- This site is optimized with the Yoast SEO Premium plugin v23.6 (Yoast SEO v26.9) - https:\/\/yoast.com\/product\/yoast-seo-premium-wordpress\/ -->\n<title>Mutuacat en el Campeonato de Catalu\u00f1a de Atletismo - Sport Mutuacat<\/title>\n<meta name=\"description\" content=\"Durante los d\u00edas 15 y 16 de junio, se celebr\u00f3 en el estadio del Nou Congost de Manresa el Campeonato de Catalu\u00f1a de Atletismo.\" \/>\n<meta name=\"robots\" content=\"index, follow, max-snippet:-1, max-image-preview:large, max-video-preview:-1\" \/>\n<link rel=\"canonical\" href=\"https:\/\/sport.mutuacat.org\/es\/actualidad\/campeonato-atletismo\/\" \/>\n<meta property=\"og:locale\" content=\"es_ES\" \/>\n<meta property=\"og:type\" content=\"article\" \/>\n<meta property=\"og:title\" content=\"Mutuacat en el Campeonato de Catalu\u00f1a de Atletismo\" \/>\n<meta property=\"og:description\" content=\"Durante los d\u00edas 15 y 16 de junio, se celebr\u00f3 en el estadio del Nou Congost de Manresa el Campeonato de Catalu\u00f1a de Atletismo.\" \/>\n<meta property=\"og:url\" content=\"https:\/\/sport.mutuacat.org\/es\/actualidad\/campeonato-atletismo\/\" \/>\n<meta property=\"og:site_name\" content=\"Sport Mutuacat\" \/>\n<meta property=\"article:publisher\" content=\"https:\/\/www.facebook.com\/mutuacat\" \/>\n<meta property=\"article:published_time\" content=\"2024-06-17T11:05:35+00:00\" \/>\n<meta property=\"article:modified_time\" content=\"2024-11-25T07:54:46+00:00\" \/>\n<meta property=\"og:image\" content=\"https:\/\/sport.mutuacat.org\/wp-content\/uploads\/2024\/06\/Campionat-de-Catalunya-dAtletisme.png\" \/>\n\t<meta property=\"og:image:width\" content=\"940\" \/>\n\t<meta property=\"og:image:height\" content=\"788\" \/>\n\t<meta property=\"og:image:type\" content=\"image\/png\" \/>\n<meta name=\"author\" content=\"Elena\" \/>\n<meta name=\"twitter:card\" content=\"summary_large_image\" \/>\n<meta name=\"twitter:label1\" content=\"Escrito por\" \/>\n\t<meta name=\"twitter:data1\" content=\"Elena\" \/>\n\t<meta name=\"twitter:label2\" content=\"Tiempo de lectura\" \/>\n\t<meta name=\"twitter:data2\" content=\"3 minutos\" \/>\n<script type=\"application\/ld+json\" class=\"yoast-schema-graph\">{\"@context\":\"https:\/\/schema.org\",\"@graph\":[{\"@type\":\"Article\",\"@id\":\"https:\/\/sport.mutuacat.org\/es\/actualidad\/campeonato-atletismo\/#article\",\"isPartOf\":{\"@id\":\"https:\/\/sport.mutuacat.org\/es\/actualidad\/campeonato-atletismo\/\"},\"author\":{\"name\":\"Elena\",\"@id\":\"https:\/\/sport.mutuacat.org\/es\/#\/schema\/person\/2c97f69b13a8f9223fe94ede54339ee7\"},\"headline\":\"Mutuacat en el Campeonato de Catalu\u00f1a de Atletismo\",\"datePublished\":\"2024-06-17T11:05:35+00:00\",\"dateModified\":\"2024-11-25T07:54:46+00:00\",\"mainEntityOfPage\":{\"@id\":\"https:\/\/sport.mutuacat.org\/es\/actualidad\/campeonato-atletismo\/\"},\"wordCount\":379,\"commentCount\":0,\"publisher\":{\"@id\":\"https:\/\/sport.mutuacat.org\/es\/#organization\"},\"image\":{\"@id\":\"https:\/\/sport.mutuacat.org\/es\/actualidad\/campeonato-atletismo\/#primaryimage\"},\"thumbnailUrl\":\"https:\/\/sport.mutuacat.org\/wp-content\/uploads\/2024\/06\/Campionat-de-Catalunya-dAtletisme.png\",\"keywords\":[\"Atletismo\",\"Campeonato de Catalu\u00f1a\",\"FCA\"],\"articleSection\":[\"Actualidad\"],\"inLanguage\":\"es\",\"potentialAction\":[{\"@type\":\"CommentAction\",\"name\":\"Comment\",\"target\":[\"https:\/\/sport.mutuacat.org\/es\/actualidad\/campeonato-atletismo\/#respond\"]}]},{\"@type\":\"WebPage\",\"@id\":\"https:\/\/sport.mutuacat.org\/es\/actualidad\/campeonato-atletismo\/\",\"url\":\"https:\/\/sport.mutuacat.org\/es\/actualidad\/campeonato-atletismo\/\",\"name\":\"Mutuacat en el Campeonato de Catalu\u00f1a de Atletismo - Sport Mutuacat\",\"isPartOf\":{\"@id\":\"https:\/\/sport.mutuacat.org\/es\/#website\"},\"primaryImageOfPage\":{\"@id\":\"https:\/\/sport.mutuacat.org\/es\/actualidad\/campeonato-atletismo\/#primaryimage\"},\"image\":{\"@id\":\"https:\/\/sport.mutuacat.org\/es\/actualidad\/campeonato-atletismo\/#primaryimage\"},\"thumbnailUrl\":\"https:\/\/sport.mutuacat.org\/wp-content\/uploads\/2024\/06\/Campionat-de-Catalunya-dAtletisme.png\",\"datePublished\":\"2024-06-17T11:05:35+00:00\",\"dateModified\":\"2024-11-25T07:54:46+00:00\",\"description\":\"Durante los d\u00edas 15 y 16 de junio, se celebr\u00f3 en el estadio del Nou Congost de Manresa el Campeonato de Catalu\u00f1a de Atletismo.\",\"breadcrumb\":{\"@id\":\"https:\/\/sport.mutuacat.org\/es\/actualidad\/campeonato-atletismo\/#breadcrumb\"},\"inLanguage\":\"es\",\"potentialAction\":[{\"@type\":\"ReadAction\",\"target\":[\"https:\/\/sport.mutuacat.org\/es\/actualidad\/campeonato-atletismo\/\"]}]},{\"@type\":\"ImageObject\",\"inLanguage\":\"es\",\"@id\":\"https:\/\/sport.mutuacat.org\/es\/actualidad\/campeonato-atletismo\/#primaryimage\",\"url\":\"https:\/\/sport.mutuacat.org\/wp-content\/uploads\/2024\/06\/Campionat-de-Catalunya-dAtletisme.png\",\"contentUrl\":\"https:\/\/sport.mutuacat.org\/wp-content\/uploads\/2024\/06\/Campionat-de-Catalunya-dAtletisme.png\",\"width\":940,\"height\":788,\"caption\":\"Atletes corrent en el Campionat de Catalunya d'Atletisme\"},{\"@type\":\"BreadcrumbList\",\"@id\":\"https:\/\/sport.mutuacat.org\/es\/actualidad\/campeonato-atletismo\/#breadcrumb\",\"itemListElement\":[{\"@type\":\"ListItem\",\"position\":1,\"name\":\"Inici\",\"item\":\"https:\/\/sport.mutuacat.org\/es\/\"},{\"@type\":\"ListItem\",\"position\":2,\"name\":\"Mutuacat en el Campeonato de Catalu\u00f1a de Atletismo\"}]},{\"@type\":\"WebSite\",\"@id\":\"https:\/\/sport.mutuacat.org\/es\/#website\",\"url\":\"https:\/\/sport.mutuacat.org\/es\/\",\"name\":\"Sport Mutuacat\",\"description\":\"Sport Mutuacat\",\"publisher\":{\"@id\":\"https:\/\/sport.mutuacat.org\/es\/#organization\"},\"potentialAction\":[{\"@type\":\"SearchAction\",\"target\":{\"@type\":\"EntryPoint\",\"urlTemplate\":\"https:\/\/sport.mutuacat.org\/es\/?s={search_term_string}\"},\"query-input\":{\"@type\":\"PropertyValueSpecification\",\"valueRequired\":true,\"valueName\":\"search_term_string\"}}],\"inLanguage\":\"es\"},{\"@type\":\"Organization\",\"@id\":\"https:\/\/sport.mutuacat.org\/es\/#organization\",\"name\":\"Sport Mutuacat\",\"url\":\"https:\/\/sport.mutuacat.org\/es\/\",\"logo\":{\"@type\":\"ImageObject\",\"inLanguage\":\"es\",\"@id\":\"https:\/\/sport.mutuacat.org\/es\/#\/schema\/logo\/image\/\",\"url\":\"https:\/\/sport.mutuacat.org\/wp-content\/uploads\/2023\/12\/LogotipMutuacat-06-.png\",\"contentUrl\":\"https:\/\/sport.mutuacat.org\/wp-content\/uploads\/2023\/12\/LogotipMutuacat-06-.png\",\"width\":4697,\"height\":4028,\"caption\":\"Sport Mutuacat\"},\"image\":{\"@id\":\"https:\/\/sport.mutuacat.org\/es\/#\/schema\/logo\/image\/\"},\"sameAs\":[\"https:\/\/www.facebook.com\/mutuacat\",\"https:\/\/es.linkedin.com\/company\/mutuacat\",\"https:\/\/www.instagram.com\/mutuacat\/\"],\"publishingPrinciples\":\"https:\/\/sport.mutuacat.org\/\"},{\"@type\":\"Person\",\"@id\":\"https:\/\/sport.mutuacat.org\/es\/#\/schema\/person\/2c97f69b13a8f9223fe94ede54339ee7\",\"name\":\"Elena\",\"image\":{\"@type\":\"ImageObject\",\"inLanguage\":\"es\",\"@id\":\"https:\/\/sport.mutuacat.org\/es\/#\/schema\/person\/image\/\",\"url\":\"https:\/\/secure.gravatar.com\/avatar\/f67efd2fecacf28188ce252664f32f593c31836eb02de4724743c99ca5e52dda?s=96&d=mm&r=g\",\"contentUrl\":\"https:\/\/secure.gravatar.com\/avatar\/f67efd2fecacf28188ce252664f32f593c31836eb02de4724743c99ca5e52dda?s=96&d=mm&r=g\",\"caption\":\"Elena\"}}]}<\/script>\n<!-- \/ Yoast SEO Premium plugin. -->","yoast_head_json":{"title":"Mutuacat en el Campeonato de Catalu\u00f1a de Atletismo - Sport Mutuacat","description":"Durante los d\u00edas 15 y 16 de junio, se celebr\u00f3 en el estadio del Nou Congost de Manresa el Campeonato de Catalu\u00f1a de Atletismo.","robots":{"index":"index","follow":"follow","max-snippet":"max-snippet:-1","max-image-preview":"max-image-preview:large","max-video-preview":"max-video-preview:-1"},"canonical":"https:\/\/sport.mutuacat.org\/es\/actualidad\/campeonato-atletismo\/","og_locale":"es_ES","og_type":"article","og_title":"Mutuacat en el Campeonato de Catalu\u00f1a de Atletismo","og_description":"Durante los d\u00edas 15 y 16 de junio, se celebr\u00f3 en el estadio del Nou Congost de Manresa el Campeonato de Catalu\u00f1a de Atletismo.","og_url":"https:\/\/sport.mutuacat.org\/es\/actualidad\/campeonato-atletismo\/","og_site_name":"Sport Mutuacat","article_publisher":"https:\/\/www.facebook.com\/mutuacat","article_published_time":"2024-06-17T11:05:35+00:00","article_modified_time":"2024-11-25T07:54:46+00:00","og_image":[{"width":940,"height":788,"url":"https:\/\/sport.mutuacat.org\/wp-content\/uploads\/2024\/06\/Campionat-de-Catalunya-dAtletisme.png","type":"image\/png"}],"author":"Elena","twitter_card":"summary_large_image","twitter_misc":{"Escrito por":"Elena","Tiempo de lectura":"3 minutos"},"schema":{"@context":"https:\/\/schema.org","@graph":[{"@type":"Article","@id":"https:\/\/sport.mutuacat.org\/es\/actualidad\/campeonato-atletismo\/#article","isPartOf":{"@id":"https:\/\/sport.mutuacat.org\/es\/actualidad\/campeonato-atletismo\/"},"author":{"name":"Elena","@id":"https:\/\/sport.mutuacat.org\/es\/#\/schema\/person\/2c97f69b13a8f9223fe94ede54339ee7"},"headline":"Mutuacat en el Campeonato de Catalu\u00f1a de Atletismo","datePublished":"2024-06-17T11:05:35+00:00","dateModified":"2024-11-25T07:54:46+00:00","mainEntityOfPage":{"@id":"https:\/\/sport.mutuacat.org\/es\/actualidad\/campeonato-atletismo\/"},"wordCount":379,"commentCount":0,"publisher":{"@id":"https:\/\/sport.mutuacat.org\/es\/#organization"},"image":{"@id":"https:\/\/sport.mutuacat.org\/es\/actualidad\/campeonato-atletismo\/#primaryimage"},"thumbnailUrl":"https:\/\/sport.mutuacat.org\/wp-content\/uploads\/2024\/06\/Campionat-de-Catalunya-dAtletisme.png","keywords":["Atletismo","Campeonato de Catalu\u00f1a","FCA"],"articleSection":["Actualidad"],"inLanguage":"es","potentialAction":[{"@type":"CommentAction","name":"Comment","target":["https:\/\/sport.mutuacat.org\/es\/actualidad\/campeonato-atletismo\/#respond"]}]},{"@type":"WebPage","@id":"https:\/\/sport.mutuacat.org\/es\/actualidad\/campeonato-atletismo\/","url":"https:\/\/sport.mutuacat.org\/es\/actualidad\/campeonato-atletismo\/","name":"Mutuacat en el Campeonato de Catalu\u00f1a de Atletismo - Sport Mutuacat","isPartOf":{"@id":"https:\/\/sport.mutuacat.org\/es\/#website"},"primaryImageOfPage":{"@id":"https:\/\/sport.mutuacat.org\/es\/actualidad\/campeonato-atletismo\/#primaryimage"},"image":{"@id":"https:\/\/sport.mutuacat.org\/es\/actualidad\/campeonato-atletismo\/#primaryimage"},"thumbnailUrl":"https:\/\/sport.mutuacat.org\/wp-content\/uploads\/2024\/06\/Campionat-de-Catalunya-dAtletisme.png","datePublished":"2024-06-17T11:05:35+00:00","dateModified":"2024-11-25T07:54:46+00:00","description":"Durante los d\u00edas 15 y 16 de junio, se celebr\u00f3 en el estadio del Nou Congost de Manresa el Campeonato de Catalu\u00f1a de Atletismo.","breadcrumb":{"@id":"https:\/\/sport.mutuacat.org\/es\/actualidad\/campeonato-atletismo\/#breadcrumb"},"inLanguage":"es","potentialAction":[{"@type":"ReadAction","target":["https:\/\/sport.mutuacat.org\/es\/actualidad\/campeonato-atletismo\/"]}]},{"@type":"ImageObject","inLanguage":"es","@id":"https:\/\/sport.mutuacat.org\/es\/actualidad\/campeonato-atletismo\/#primaryimage","url":"https:\/\/sport.mutuacat.org\/wp-content\/uploads\/2024\/06\/Campionat-de-Catalunya-dAtletisme.png","contentUrl":"https:\/\/sport.mutuacat.org\/wp-content\/uploads\/2024\/06\/Campionat-de-Catalunya-dAtletisme.png","width":940,"height":788,"caption":"Atletes corrent en el Campionat de Catalunya d'Atletisme"},{"@type":"BreadcrumbList","@id":"https:\/\/sport.mutuacat.org\/es\/actualidad\/campeonato-atletismo\/#breadcrumb","itemListElement":[{"@type":"ListItem","position":1,"name":"Inici","item":"https:\/\/sport.mutuacat.org\/es\/"},{"@type":"ListItem","position":2,"name":"Mutuacat en el Campeonato de Catalu\u00f1a de Atletismo"}]},{"@type":"WebSite","@id":"https:\/\/sport.mutuacat.org\/es\/#website","url":"https:\/\/sport.mutuacat.org\/es\/","name":"Sport Mutuacat","description":"Sport Mutuacat","publisher":{"@id":"https:\/\/sport.mutuacat.org\/es\/#organization"},"potentialAction":[{"@type":"SearchAction","target":{"@type":"EntryPoint","urlTemplate":"https:\/\/sport.mutuacat.org\/es\/?s={search_term_string}"},"query-input":{"@type":"PropertyValueSpecification","valueRequired":true,"valueName":"search_term_string"}}],"inLanguage":"es"},{"@type":"Organization","@id":"https:\/\/sport.mutuacat.org\/es\/#organization","name":"Sport Mutuacat","url":"https:\/\/sport.mutuacat.org\/es\/","logo":{"@type":"ImageObject","inLanguage":"es","@id":"https:\/\/sport.mutuacat.org\/es\/#\/schema\/logo\/image\/","url":"https:\/\/sport.mutuacat.org\/wp-content\/uploads\/2023\/12\/LogotipMutuacat-06-.png","contentUrl":"https:\/\/sport.mutuacat.org\/wp-content\/uploads\/2023\/12\/LogotipMutuacat-06-.png","width":4697,"height":4028,"caption":"Sport Mutuacat"},"image":{"@id":"https:\/\/sport.mutuacat.org\/es\/#\/schema\/logo\/image\/"},"sameAs":["https:\/\/www.facebook.com\/mutuacat","https:\/\/es.linkedin.com\/company\/mutuacat","https:\/\/www.instagram.com\/mutuacat\/"],"publishingPrinciples":"https:\/\/sport.mutuacat.org\/"},{"@type":"Person","@id":"https:\/\/sport.mutuacat.org\/es\/#\/schema\/person\/2c97f69b13a8f9223fe94ede54339ee7","name":"Elena","image":{"@type":"ImageObject","inLanguage":"es","@id":"https:\/\/sport.mutuacat.org\/es\/#\/schema\/person\/image\/","url":"https:\/\/secure.gravatar.com\/avatar\/f67efd2fecacf28188ce252664f32f593c31836eb02de4724743c99ca5e52dda?s=96&d=mm&r=g","contentUrl":"https:\/\/secure.gravatar.com\/avatar\/f67efd2fecacf28188ce252664f32f593c31836eb02de4724743c99ca5e52dda?s=96&d=mm&r=g","caption":"Elena"}}]}},"_links":{"self":[{"href":"https:\/\/sport.mutuacat.org\/es\/wp-json\/wp\/v2\/posts\/3898","targetHints":{"allow":["GET"]}}],"collection":[{"href":"https:\/\/sport.mutuacat.org\/es\/wp-json\/wp\/v2\/posts"}],"about":[{"href":"https:\/\/sport.mutuacat.org\/es\/wp-json\/wp\/v2\/types\/post"}],"author":[{"embeddable":true,"href":"https:\/\/sport.mutuacat.org\/es\/wp-json\/wp\/v2\/users\/4"}],"replies":[{"embeddable":true,"href":"https:\/\/sport.mutuacat.org\/es\/wp-json\/wp\/v2\/comments?post=3898"}],"version-history":[{"count":1,"href":"https:\/\/sport.mutuacat.org\/es\/wp-json\/wp\/v2\/posts\/3898\/revisions"}],"predecessor-version":[{"id":3899,"href":"https:\/\/sport.mutuacat.org\/es\/wp-json\/wp\/v2\/posts\/3898\/revisions\/3899"}],"wp:featuredmedia":[{"embeddable":true,"href":"https:\/\/sport.mutuacat.org\/es\/wp-json\/wp\/v2\/media\/3711"}],"wp:attachment":[{"href":"https:\/\/sport.mutuacat.org\/es\/wp-json\/wp\/v2\/media?parent=3898"}],"wp:term":[{"taxonomy":"category","embeddable":true,"href":"https:\/\/sport.mutuacat.org\/es\/wp-json\/wp\/v2\/categories?post=3898"},{"taxonomy":"post_tag","embeddable":true,"href":"https:\/\/sport.mutuacat.org\/es\/wp-json\/wp\/v2\/tags?post=3898"}],"curies":[{"name":"wp","href":"https:\/\/api.w.org\/{rel}","templated":true}]}}